{"id":974,"date":"2022-07-11T10:31:30","date_gmt":"2022-07-11T13:31:30","guid":{"rendered":"https:\/\/memoriadaculturaesportebsb.com.br\/final\/?p=974"},"modified":"2023-02-06T10:49:20","modified_gmt":"2023-02-06T13:49:20","slug":"no-tempo-da-reportagem-com-os-olhos-da-paixao","status":"publish","type":"post","link":"https:\/\/memoriadaculturaesportebsb.com.br\/index.php\/2022\/07\/11\/no-tempo-da-reportagem-com-os-olhos-da-paixao\/","title":{"rendered":"No tempo da reportagem \u2013 Com os olhos da Paix\u00e3o"},"content":{"rendered":"<p>Em abril de 2007 eu estava em Pelotas visitando meus familiares. Domingo de sol bonito, aproveitei e fui ao campo do Gr\u00eamio Esportivo Brasil, que naquela tarde jogaria contra o Gr\u00eamio Porto-Alegrense, pelo Campeonato Ga\u00facho.<\/p>\n<p>Quando cheguei ao campo do querido clube Xavante e me acomodei na arquibancada, observei que eu estava cercado por um grupo de \u2013 imaginem! \u2013 torcedores cegos. Com os seus radinhos de pilha grudados ao ouvido, um deles me disse que eles iam ao campo para \u201csentir a vibra\u00e7\u00e3o da torcida e, tamb\u00e9m, torcer pelo seu clube de cora\u00e7\u00e3o\u201d. E que torcida!<\/p>\n<p>Ao final do jogo, vencido pelo Brasil, 1 x 0, e degustando uma gelad\u00edssima cervejada num bar pr\u00f3ximo ao est\u00e1dio, ouvi hist\u00f3rias espetaculares desses an\u00f4nimos torcedores, que, claro, renderam \u00f3tima reportagem para o Correio Braziliense, onde eu trabalhava.<\/p>\n<p>\u201c<a href=\"https:\/\/memoriadaculturaesportebsb.com.br\/final\/wp-content\/uploads\/2023\/02\/CB15042007P42.pdf\" target=\"_blank\" rel=\"noopener\">Com os Olhos da Paix\u00e3o<\/a>\u201d \u00e9 a reportagem \u201cdaquele tempo\u201d que entra para a nossa galeria de mem\u00f3rias do esporte.<\/p>\n<p>Acesse a \u00edntegra da&nbsp;<a href=\"https:\/\/memoriadaculturaesportebsb.com.br\/final\/wp-content\/uploads\/2023\/02\/CB15042007P42.pdf\" target=\"_blank\" rel=\"noopener\">reportagem<\/a>.<\/p>\n","protected":false},"excerpt":{"rendered":"<p>Em abril de 2007 eu estava em Pelotas visitando meus familiares. Domingo de sol bonito, aproveitei e fui ao campo do Gr\u00eamio Esportivo Brasil, que naquela tarde jogaria contra o Gr\u00eamio Porto-Alegrense, pelo Campeonato Ga\u00facho. Quando cheguei ao campo do querido clube Xavante e me acomodei na arquibancada, observei que eu estava cercado por um &hellip;<\/p>\n","protected":false},"author":1,"featured_media":975,"comment_status":"closed","ping_status":"closed","sticky":false,"template":"","format":"standard","meta":{"footnotes":""},"categories":[13,4,14],"tags":[],"class_list":["post-974","post","type-post","status-publish","format-standard","has-post-thumbnail","","category-colunistas","category-esporte","category-jose-cruz"],"_links":{"self":[{"href":"https:\/\/memoriadaculturaesportebsb.com.br\/index.php\/wp-json\/wp\/v2\/posts\/974","targetHints":{"allow":["GET"]}}],"collection":[{"href":"https:\/\/memoriadaculturaesportebsb.com.br\/index.php\/wp-json\/wp\/v2\/posts"}],"about":[{"href":"https:\/\/memoriadaculturaesportebsb.com.br\/index.php\/wp-json\/wp\/v2\/types\/post"}],"author":[{"embeddable":true,"href":"https:\/\/memoriadaculturaesportebsb.com.br\/index.php\/wp-json\/wp\/v2\/users\/1"}],"replies":[{"embeddable":true,"href":"https:\/\/memoriadaculturaesportebsb.com.br\/index.php\/wp-json\/wp\/v2\/comments?post=974"}],"version-history":[{"count":3,"href":"https:\/\/memoriadaculturaesportebsb.com.br\/index.php\/wp-json\/wp\/v2\/posts\/974\/revisions"}],"predecessor-version":[{"id":1110,"href":"https:\/\/memoriadaculturaesportebsb.com.br\/index.php\/wp-json\/wp\/v2\/posts\/974\/revisions\/1110"}],"wp:featuredmedia":[{"embeddable":true,"href":"https:\/\/memoriadaculturaesportebsb.com.br\/index.php\/wp-json\/wp\/v2\/media\/975"}],"wp:attachment":[{"href":"https:\/\/memoriadaculturaesportebsb.com.br\/index.php\/wp-json\/wp\/v2\/media?parent=974"}],"wp:term":[{"taxonomy":"category","embeddable":true,"href":"https:\/\/memoriadaculturaesportebsb.com.br\/index.php\/wp-json\/wp\/v2\/categories?post=974"},{"taxonomy":"post_tag","embeddable":true,"href":"https:\/\/memoriadaculturaesportebsb.com.br\/index.php\/wp-json\/wp\/v2\/tags?post=974"}],"curies":[{"name":"wp","href":"https:\/\/api.w.org\/{rel}","templated":true}]}}