{"id":970,"date":"2022-07-05T10:04:58","date_gmt":"2022-07-05T13:04:58","guid":{"rendered":"https:\/\/memoriadaculturaesportebsb.com.br\/final\/?p=970"},"modified":"2023-02-06T10:49:30","modified_gmt":"2023-02-06T13:49:30","slug":"no-tempo-da-reportagem-deixa-que-e-minha","status":"publish","type":"post","link":"https:\/\/memoriadaculturaesportebsb.com.br\/index.php\/2022\/07\/05\/no-tempo-da-reportagem-deixa-que-e-minha\/","title":{"rendered":"No tempo da reportagem \u2013 \u201cDeixa que \u00e9 minha\u201d"},"content":{"rendered":"<p>Quando eu saia de um churrasco na Est\u00e2ncia Ga\u00facha do Planalto, passei pelo campo de peladeiros e me deparei com uma cena inacredit\u00e1vel para o futebol: um goleiro sem a perna direita fazia estripulias embaixo de uma das traves. Era meu s\u00e1bado de folga, mas n\u00e3o resisti e liguei imediatamente para o Correio Braziliense, onde eu trabalhava, pedindo que me enviassem um fot\u00f3grafo, que chegou em poucos minutos.<\/p>\n<p>Ao final da pelada fui ao encontro do tal goleiro, que se deslocava para o vesti\u00e1rio com ajuda de muletas. Me apresentei, coisa e tal, e come\u00e7ou a conversa que durou quatro horas. Era maio de 2000, e o resultado daquele encontro com o ga\u00facho Jairo Blank foi publicado no Correio, com alto \u00edndice de leitura. Alegre e descontra\u00eddo, Jairo come\u00e7ou o papo assim: \u201cTch\u00ea, pra come\u00e7o de conversa, vou te contar: sou o \u00fanico goleiro no mundo que n\u00e3o toma gol pelo meio das pernas\u201d.<\/p>\n<p>Mas, a alegria desse ga\u00facho, hoje com 54 anos, tem momentos de dores e tristeza, que voc\u00ea pode conferir na reportagem que recuperamos para a mem\u00f3ria der nosso portal. Boa leitura<\/p>\n<p>Veja a&nbsp;<a href=\"https:\/\/memoriadaculturaesportebsb.com.br\/final\/wp-content\/uploads\/2023\/02\/Deixa-que-e-minha_rotated.pdf\" target=\"_blank\" rel=\"noopener\">publica\u00e7\u00e3o original<\/a>.<\/p>\n","protected":false},"excerpt":{"rendered":"<p>Quando eu saia de um churrasco na Est\u00e2ncia Ga\u00facha do Planalto, passei pelo campo de peladeiros e me deparei com uma cena inacredit\u00e1vel para o futebol: um goleiro sem a perna direita fazia estripulias embaixo de uma das traves. Era meu s\u00e1bado de folga, mas n\u00e3o resisti e liguei imediatamente para o Correio Braziliense, onde &hellip;<\/p>\n","protected":false},"author":1,"featured_media":973,"comment_status":"closed","ping_status":"closed","sticky":false,"template":"","format":"standard","meta":{"footnotes":""},"categories":[13,4,14],"tags":[],"class_list":["post-970","post","type-post","status-publish","format-standard","has-post-thumbnail","","category-colunistas","category-esporte","category-jose-cruz"],"_links":{"self":[{"href":"https:\/\/memoriadaculturaesportebsb.com.br\/index.php\/wp-json\/wp\/v2\/posts\/970","targetHints":{"allow":["GET"]}}],"collection":[{"href":"https:\/\/memoriadaculturaesportebsb.com.br\/index.php\/wp-json\/wp\/v2\/posts"}],"about":[{"href":"https:\/\/memoriadaculturaesportebsb.com.br\/index.php\/wp-json\/wp\/v2\/types\/post"}],"author":[{"embeddable":true,"href":"https:\/\/memoriadaculturaesportebsb.com.br\/index.php\/wp-json\/wp\/v2\/users\/1"}],"replies":[{"embeddable":true,"href":"https:\/\/memoriadaculturaesportebsb.com.br\/index.php\/wp-json\/wp\/v2\/comments?post=970"}],"version-history":[{"count":4,"href":"https:\/\/memoriadaculturaesportebsb.com.br\/index.php\/wp-json\/wp\/v2\/posts\/970\/revisions"}],"predecessor-version":[{"id":1112,"href":"https:\/\/memoriadaculturaesportebsb.com.br\/index.php\/wp-json\/wp\/v2\/posts\/970\/revisions\/1112"}],"wp:featuredmedia":[{"embeddable":true,"href":"https:\/\/memoriadaculturaesportebsb.com.br\/index.php\/wp-json\/wp\/v2\/media\/973"}],"wp:attachment":[{"href":"https:\/\/memoriadaculturaesportebsb.com.br\/index.php\/wp-json\/wp\/v2\/media?parent=970"}],"wp:term":[{"taxonomy":"category","embeddable":true,"href":"https:\/\/memoriadaculturaesportebsb.com.br\/index.php\/wp-json\/wp\/v2\/categories?post=970"},{"taxonomy":"post_tag","embeddable":true,"href":"https:\/\/memoriadaculturaesportebsb.com.br\/index.php\/wp-json\/wp\/v2\/tags?post=970"}],"curies":[{"name":"wp","href":"https:\/\/api.w.org\/{rel}","templated":true}]}}