{"id":965,"date":"2022-10-01T10:00:53","date_gmt":"2022-10-01T13:00:53","guid":{"rendered":"https:\/\/memoriadaculturaesportebsb.com.br\/final\/?p=965"},"modified":"2023-02-06T10:51:32","modified_gmt":"2023-02-06T13:51:32","slug":"lembrancas-de-oscar-por-conceicao-freitas","status":"publish","type":"post","link":"https:\/\/memoriadaculturaesportebsb.com.br\/index.php\/2022\/10\/01\/lembrancas-de-oscar-por-conceicao-freitas\/","title":{"rendered":"Lembran\u00e7as de Oscar, por Concei\u00e7\u00e3o Freitas"},"content":{"rendered":"<p>Quando algu\u00e9m quer insinuar alguma intimidade com o mais celebrado arquiteto brasileiro de todos os tempos, trata-o pelo prenome, como fazem os amigos especialmente os dos encontros ao fim do expediente no escrit\u00f3rio do Edif\u00edcio Ypiranga n\u00ba 3940, Av. Atl\u00e2ntica, Rio de Janeiro.<\/p>\n<p>\u201cMinha vida com Oscar\u201d seria \u00f3timo t\u00edtulo de uma cr\u00f4nica ou de um livro, mas seria pura baz\u00f3fia minha. Meus contatos com Niemeyer foram poucos e na maioria das vezes infrut\u00edferos ou infelizes. Numa das vezes, rep\u00f3rter animada com o fato de ele ter me procurado em telefonemas \u00e0 Reda\u00e7\u00e3o do Correio Braziliense, uma ou duas vezes, estimulada por tamanha rever\u00eancia consegui convencer meus editores a ir ao Rio para tentar uma exclusiva com Oscar. Eu devo ter acertado vagamente alguma coisa com um secret\u00e1rio dele, mo\u00e7o muito gentil.<\/p>\n<p>Parei no t\u00e9rreo do Edif\u00edcio Ypiranga, me identifiquei pelo interfone e fiquei mais de hora, n\u00e3o me lembro ao certo, antes de desistir e ir tomar um banho de mar, que me recebeu generosamente. De outra vez, ele j\u00e1 perto dos 90 anos, fomos eu e a rep\u00f3rter fotogr\u00e1fica Tina Evaristo, entrevist\u00e1-lo numa de suas vindas a Bras\u00edlia. Pensamos em percorrer alguns de seus projetos na cidade. Nos encontramos na entrada da Catedral, ele, sozinho e n\u00f3s, as duas rep\u00f3rteres, temerosas ao v\u00ea-lo descer com muita cautela a rampa preta da igreja.<\/p>\n<p>No come\u00e7o da noite o diretor de Reda\u00e7\u00e3o, Ricardo Noblat, me chamou ao telefone e pediu para ver uma c\u00f3pia da mat\u00e9ria j\u00e1 pronta. Niemeyer estava no jornal e queria conferir o que eu escrevera.<\/p>\n<p>O arquiteto comunista costumava dizer que a arquitetura n\u00e3o era importante, importante era a vida. Quem o conheceu mais de perto sabe que esse era um disfarce para o que de fato importava a ele nos seus 105 de exist\u00eancia: a arquitetura, seus projetos, suas obras em execu\u00e7\u00e3o.<\/p>\n<p>Quando Bras\u00edlia fez 44 anos, mandei um email a ele perguntando por que n\u00e3o viera \u00e0 inaugura\u00e7\u00e3o da capital que havia ajudado a construir. \u201cPrezada Sra. Concei\u00e7\u00e3o, n\u00e3o fui \u00e0 inaugura\u00e7\u00e3o de Bras\u00edlia porque era muito luxo para mim. Obrigado, Oscar Niemeyer\u201d.<\/p>\n<p>Meu filho j\u00e1 disse pra eu p\u00f4r a c\u00f3pia do email num quadro, mas eu, do fundo do cora\u00e7\u00e3o, acho uma tolice sem tamanho. Se n\u00e3o tenho nem mesmo o fetiche dos aut\u00f3grafos, embora a letra de um autor(a) tenha uma carga simb\u00f3lica forte, por que iria guardar a c\u00f3pia de um email de com 16 palavras quase indiferentes, e, \u00e9 de se supor, contendo uma vers\u00e3o que n\u00e3o deve corresponder ao que de fato aconteceu?<\/p>\n<p>No fim da tarde de 5 de dezembro de 2012, meu t\u00edmpano direito estourou e perdi para sempre um pouco da audi\u00e7\u00e3o. Suponho, apenas suponho, que foi uma rea\u00e7\u00e3o emocional a uma longa espera. Eu era respons\u00e1vel pelo caderno especial da morte do arquiteto, e mexi nesse caderno durante duas d\u00e9cadas. As f\u00e9rias, os fins de semana, os passeios mais longos, eram sempre acompanhados da apreens\u00e3o: \u201cE se Niemeyer morrer?\u201d.<\/p>\n<p>Quando ele foi internado, aos 105 anos, parecia que eram seus dias derradeiros. E eu senti o baque no corpo. Meu filho, que \u00e0quela altura estava com 20 anos, me disse:<\/p>\n<p>\u2014 M\u00e3e, eu espero a morte do Niemeyer desde que nasci.<\/p>\n","protected":false},"excerpt":{"rendered":"<p>Quando algu\u00e9m quer insinuar alguma intimidade com o mais celebrado arquiteto brasileiro de todos os tempos, trata-o pelo prenome, como fazem os amigos especialmente os dos encontros ao fim do expediente no escrit\u00f3rio do Edif\u00edcio Ypiranga n\u00ba 3940, Av. Atl\u00e2ntica, Rio de Janeiro. \u201cMinha vida com Oscar\u201d seria \u00f3timo t\u00edtulo de uma cr\u00f4nica ou de &hellip;<\/p>\n","protected":false},"author":1,"featured_media":966,"comment_status":"closed","ping_status":"closed","sticky":false,"template":"","format":"standard","meta":{"footnotes":""},"categories":[13,18,2],"tags":[],"class_list":["post-965","post","type-post","status-publish","format-standard","has-post-thumbnail","","category-colunistas","category-conceicao-freitas","category-cultura"],"_links":{"self":[{"href":"https:\/\/memoriadaculturaesportebsb.com.br\/index.php\/wp-json\/wp\/v2\/posts\/965","targetHints":{"allow":["GET"]}}],"collection":[{"href":"https:\/\/memoriadaculturaesportebsb.com.br\/index.php\/wp-json\/wp\/v2\/posts"}],"about":[{"href":"https:\/\/memoriadaculturaesportebsb.com.br\/index.php\/wp-json\/wp\/v2\/types\/post"}],"author":[{"embeddable":true,"href":"https:\/\/memoriadaculturaesportebsb.com.br\/index.php\/wp-json\/wp\/v2\/users\/1"}],"replies":[{"embeddable":true,"href":"https:\/\/memoriadaculturaesportebsb.com.br\/index.php\/wp-json\/wp\/v2\/comments?post=965"}],"version-history":[{"count":1,"href":"https:\/\/memoriadaculturaesportebsb.com.br\/index.php\/wp-json\/wp\/v2\/posts\/965\/revisions"}],"predecessor-version":[{"id":967,"href":"https:\/\/memoriadaculturaesportebsb.com.br\/index.php\/wp-json\/wp\/v2\/posts\/965\/revisions\/967"}],"wp:featuredmedia":[{"embeddable":true,"href":"https:\/\/memoriadaculturaesportebsb.com.br\/index.php\/wp-json\/wp\/v2\/media\/966"}],"wp:attachment":[{"href":"https:\/\/memoriadaculturaesportebsb.com.br\/index.php\/wp-json\/wp\/v2\/media?parent=965"}],"wp:term":[{"taxonomy":"category","embeddable":true,"href":"https:\/\/memoriadaculturaesportebsb.com.br\/index.php\/wp-json\/wp\/v2\/categories?post=965"},{"taxonomy":"post_tag","embeddable":true,"href":"https:\/\/memoriadaculturaesportebsb.com.br\/index.php\/wp-json\/wp\/v2\/tags?post=965"}],"curies":[{"name":"wp","href":"https:\/\/api.w.org\/{rel}","templated":true}]}}