{"id":949,"date":"2022-05-03T15:18:28","date_gmt":"2022-05-03T18:18:28","guid":{"rendered":"https:\/\/memoriadaculturaesportebsb.com.br\/final\/?p=949"},"modified":"2023-02-02T10:45:58","modified_gmt":"2023-02-02T13:45:58","slug":"brasilia-tem-tudo-pra-ser-a-capital-do-esporte","status":"publish","type":"post","link":"https:\/\/memoriadaculturaesportebsb.com.br\/index.php\/2022\/05\/03\/brasilia-tem-tudo-pra-ser-a-capital-do-esporte\/","title":{"rendered":"Bras\u00edlia tem tudo pra ser a capital do esporte"},"content":{"rendered":"<p class=\"\">A passagem de grandes eventos nacionais e internacionais pelo DF soma-se \u00e0s a\u00e7\u00f5es e mobiliza\u00e7\u00e3o de programas de pr\u00e1tica esportiva e reforma de equipamentos p\u00fablicos<\/p>\n<p class=\"\">Capital de todos os brasileiros, Bras\u00edlia trabalha para ser tamb\u00e9m a capital do esporte no pa\u00eds. Neste caminho para atrair mais competi\u00e7\u00f5es em meio \u00e0 concorr\u00eancia de grandes centros, o Distrito Federal tem feito a sua parte ao sediar dezenas de eventos nacionais e internacionais e cuidar de seus equipamentos p\u00fablicos e privados.<\/p>\n<p class=\"\">\u201cBras\u00edlia j\u00e1 demonstrou a capacidade de sediar importantes torneios das mais variadas modalidades, al\u00e9m da nossa popula\u00e7\u00e3o bem receber e apoiar a movimenta\u00e7\u00e3o da nossa economia\u201d, diz a secret\u00e1ria de Esporte e Lazer, Giselle Ferreira<\/p>\n<p>Nos \u00faltimos tr\u00eas anos, o DF sediou competi\u00e7\u00f5es importantes, como o Grand Slam de Jud\u00f4, uma edi\u00e7\u00e3o do UFC, partidas da Copa Libertadores e da Supercopa de futebol, os Jogos Universit\u00e1rios Brasileiros (JUBs) e o Sul-Americano de Voleibol Masculino.<\/p>\n<p class=\"\">Em 2022, n\u00e3o ser\u00e1 diferente. A final da Copa Sul-Americana de futebol ser\u00e1 disputada no Est\u00e1dio Nacional Man\u00e9 Garrincha. O ano tamb\u00e9m ser\u00e1 de muita velocidade, com a volta dos carros \u00e0 pista do Aut\u00f3dromo de Bras\u00edlia, que ser\u00e1 reaberto ap\u00f3s oito anos.<\/p>\n<p class=\"\">\u201cEstamos mapeando as possibilidades de eventos esportivos de grande porte para traz\u00ea-los para a nossa cidade. Bras\u00edlia j\u00e1 demonstrou a capacidade de sediar importantes torneios das mais variadas modalidades, al\u00e9m da nossa popula\u00e7\u00e3o bem receber e apoiar a movimenta\u00e7\u00e3o da nossa economia\u201d, aposta a secret\u00e1ria de Esporte, Giselle Ferreira.<\/p>\n<p class=\"\"><strong>Eventos para todos<\/strong><\/p>\n<p class=\"\">Mesmo em um cen\u00e1rio de pandemia de covid-19 h\u00e1 quase dois anos, os eventos esportivos marcaram presen\u00e7a no DF. Em 2021, por exemplo, a capital voltou a sediar os Jogos Universit\u00e1rios Brasileiros (JUBs), competi\u00e7\u00e3o que havia 15 anos n\u00e3o passava por aqui. Os JUBs movimentaram R$ 12 milh\u00f5es na economia local e geraram 500 empregos, destacando a sua for\u00e7a.<\/p>\n<p class=\"\">Dentro das quadras, a bola rolou para os campeonatos Sul-Americano de Clubes de Voleibol Feminino e Sul-Americano de Voleibol Masculino, este com a participa\u00e7\u00e3o da sele\u00e7\u00e3o brasileira. Bras\u00edlia tamb\u00e9m foi palco do principal evento de beach tennis das am\u00e9ricas, o ITF Sand Series, com a participa\u00e7\u00e3o de atletas internacionais. No Parque da Cidade Dona Sarah Kubitschek, as quadras de futev\u00f4lei abrigaram a 7\u00aa edi\u00e7\u00e3o do Circuito Praia do Cerrado, o maior do Centro-Oeste.<\/p>\n<p class=\"\">Outros eventos importantes, como o Ultimate Fighting Championship (UFC), o Grand Slam de Jud\u00f4 2019, o Sul-Americano de Jiu-Jitsu Pro, a Copa do Mundo Sub-17 de futebol, a Liga das Na\u00e7\u00f5es de V\u00f4lei Feminino e Masculino tamb\u00e9m marcaram presen\u00e7a na capital.<\/p>\n<p class=\"\">Presidente da Arena BSB \u2013 respons\u00e1vel pela administra\u00e7\u00e3o do Est\u00e1dio Man\u00e9 Garrincha e do gin\u00e1sio Nilson Nelson \u2013, Richard Dubois aposta em um grande n\u00famero de partidas de futebol, basquete e v\u00f4lei e at\u00e9 eventos internacionais para a cidade em 2022.<\/p>\n<p class=\"\">Bras\u00edlia tamb\u00e9m est\u00e1 no p\u00e1reo para receber eventos em outros esportes, como adianta Dubois. \u201cTemos o Bras\u00edlia Basquete atuando na Arena BRB Nilson Nelson e com um p\u00fablico crescente, e a sele\u00e7\u00e3o brasileira de basquete deve jogar aqui. Estamos negociando ainda para trazer um time da NBA para fazer um jogo de demonstra\u00e7\u00e3o, se n\u00e3o para este ano, no pr\u00f3ximo. A etapa brasileira do Mundial de V\u00f4lei deve ser aqui e estamos negociando o Brasil Open de T\u00eanis\u201d, complementa.<\/p>\n<p class=\"\">Sobre a parceria com o Governo do Distrito Federal (GDF), o gestor da Arena BSB acredita que 2022 ser\u00e1 de grandes eventos. \u201cTenho certeza que com a parceria do GDF ser\u00e1 um ano de grandes realiza\u00e7\u00f5es. Temos uma parceria muito boa e agrade\u00e7o a boa disposi\u00e7\u00e3o da administra\u00e7\u00e3o direta, principalmente das secretarias envolvidas conosco: Esporte, Turismo e Seguran\u00e7a P\u00fablica\u201d, finaliza.<\/p>\n<p class=\"\"><strong>Democratiza\u00e7\u00e3o do esporte<\/strong><\/p>\n<p class=\"\">Tornar-se a capital do esporte n\u00e3o \u00e9 um objetivo que o GDF busca somente por meio de eventos. Esse trabalho tamb\u00e9m se concentra em projetos, programas e a\u00e7\u00f5es para o apoio e o fomento do esporte amador e profissional.<\/p>\n<p class=\"\">\u201cA democratiza\u00e7\u00e3o da pr\u00e1tica esportiva \u00e9 uma das maiores metas da nossa gest\u00e3o. Desenvolvemos projetos voltados para o esporte de base e amador, porque sabemos a necessidade de levar \u00e0 popula\u00e7\u00e3o das regi\u00f5es administrativas do DF mais qualidade de vida, socializa\u00e7\u00e3o e sa\u00fade\u201d, acrescenta Giselle Ferreira.<\/p>\n<p class=\"\">Com o foco na inclus\u00e3o social por meio das pr\u00e1ticas esportivas, os centros ol\u00edmpicos e paral\u00edmpicos (COPs) s\u00e3o um bom exemplo disso. Eles funcionam em 12 regi\u00f5es administrativas e chegam a somar 62 mil vagas com atividades para crian\u00e7as, adolescentes e idosos, incluindo o futebol feminino, que passou a ser ofertado.<\/p>\n<p class=\"\">Este ano, nove COPs estar\u00e3o funcionando com 100% de suas capacidades: Brazl\u00e2ndia, Estrutural, Recanto das Emas, Santa Maria, Gama, Planaltina, Samambaia, Riacho Fundo e S\u00e3o Sebasti\u00e3o. As unidades de Ceil\u00e2ndia \u2013 P Norte e Setor O \u2013 e Sobradinho ainda est\u00e3o em fase de conclus\u00e3o do chamamento p\u00fablico para a sele\u00e7\u00e3o das institui\u00e7\u00f5es sem fins lucrativos que ser\u00e3o respons\u00e1veis pelo gerenciamento dos centros.<\/p>\n<p class=\"\">Ainda no \u00e2mbito de espa\u00e7os para a pr\u00e1tica esportiva, o DF mant\u00e9m o Centro de Excel\u00eancia em Esporte, em Taguatinga, onde s\u00e3o ofertadas 1,5 mil vagas para crian\u00e7as e adolescentes praticarem esportes.<\/p>\n<p class=\"\">Outro programa que colabora para a democratiza\u00e7\u00e3o e acesso ao esporte no DF \u00e9 o Educador Esportivo Volunt\u00e1rio. Por meio dele, mais de 12 mil pessoas, entre professores e alunos, s\u00e3o beneficiadas com a\u00e7\u00f5es volunt\u00e1rias em espa\u00e7os p\u00fablicos do DF. J\u00e1 o Esporte nas Ruas, outra frente de atua\u00e7\u00e3o do governo, oferta materiais esportivos para as administra\u00e7\u00f5es regionais e institui\u00e7\u00f5es sem fins lucrativos.<\/p>\n<p class=\"\">Democratiza\u00e7\u00e3o que n\u00e3o poderia deixar de passar por espa\u00e7os p\u00fablicos. No Parque da Cidade, h\u00e1 previs\u00e3o de constru\u00e7\u00e3o de um complexo esportivo para pr\u00e1tica de skate. Enquanto a pista n\u00e3o sai do papel, o governo tem cuidado da reforma das 27 quadras \u2013 20 poliesportivas, cinco de t\u00eanis e duas de beach tennis \u2013, al\u00e9m dos vesti\u00e1rios da Piscina com Ondas.<\/p>\n<p class=\"\">A reforma de equipamentos p\u00fablicos tamb\u00e9m chegou a Taguatinga. No Taguaparque, ser\u00e1 constru\u00edda a nova pista de atletismo e reformados o gin\u00e1sio poliesportivo, a pista de cooper de 12 km e a quadra de areia.<\/p>\n","protected":false},"excerpt":{"rendered":"<p>A passagem de grandes eventos nacionais e internacionais pelo DF soma-se \u00e0s a\u00e7\u00f5es e mobiliza\u00e7\u00e3o de programas de pr\u00e1tica esportiva e reforma de equipamentos p\u00fablicos Capital de todos os brasileiros, Bras\u00edlia trabalha para ser tamb\u00e9m a capital do esporte no pa\u00eds. Neste caminho para atrair mais competi\u00e7\u00f5es em meio \u00e0 concorr\u00eancia de grandes centros, o &hellip;<\/p>\n","protected":false},"author":1,"featured_media":950,"comment_status":"closed","ping_status":"closed","sticky":false,"template":"","format":"standard","meta":{"footnotes":""},"categories":[4],"tags":[],"class_list":["post-949","post","type-post","status-publish","format-standard","has-post-thumbnail","","category-esporte"],"_links":{"self":[{"href":"https:\/\/memoriadaculturaesportebsb.com.br\/index.php\/wp-json\/wp\/v2\/posts\/949","targetHints":{"allow":["GET"]}}],"collection":[{"href":"https:\/\/memoriadaculturaesportebsb.com.br\/index.php\/wp-json\/wp\/v2\/posts"}],"about":[{"href":"https:\/\/memoriadaculturaesportebsb.com.br\/index.php\/wp-json\/wp\/v2\/types\/post"}],"author":[{"embeddable":true,"href":"https:\/\/memoriadaculturaesportebsb.com.br\/index.php\/wp-json\/wp\/v2\/users\/1"}],"replies":[{"embeddable":true,"href":"https:\/\/memoriadaculturaesportebsb.com.br\/index.php\/wp-json\/wp\/v2\/comments?post=949"}],"version-history":[{"count":1,"href":"https:\/\/memoriadaculturaesportebsb.com.br\/index.php\/wp-json\/wp\/v2\/posts\/949\/revisions"}],"predecessor-version":[{"id":951,"href":"https:\/\/memoriadaculturaesportebsb.com.br\/index.php\/wp-json\/wp\/v2\/posts\/949\/revisions\/951"}],"wp:featuredmedia":[{"embeddable":true,"href":"https:\/\/memoriadaculturaesportebsb.com.br\/index.php\/wp-json\/wp\/v2\/media\/950"}],"wp:attachment":[{"href":"https:\/\/memoriadaculturaesportebsb.com.br\/index.php\/wp-json\/wp\/v2\/media?parent=949"}],"wp:term":[{"taxonomy":"category","embeddable":true,"href":"https:\/\/memoriadaculturaesportebsb.com.br\/index.php\/wp-json\/wp\/v2\/categories?post=949"},{"taxonomy":"post_tag","embeddable":true,"href":"https:\/\/memoriadaculturaesportebsb.com.br\/index.php\/wp-json\/wp\/v2\/tags?post=949"}],"curies":[{"name":"wp","href":"https:\/\/api.w.org\/{rel}","templated":true}]}}