{"id":944,"date":"2022-05-03T15:15:16","date_gmt":"2022-05-03T18:15:16","guid":{"rendered":"https:\/\/memoriadaculturaesportebsb.com.br\/final\/?p=944"},"modified":"2023-02-02T10:49:05","modified_gmt":"2023-02-02T13:49:05","slug":"campos-de-terra-e-times-de-operarios-candangos-as-origens-do-futebol-em-brasilia","status":"publish","type":"post","link":"https:\/\/memoriadaculturaesportebsb.com.br\/index.php\/2022\/05\/03\/campos-de-terra-e-times-de-operarios-candangos-as-origens-do-futebol-em-brasilia\/","title":{"rendered":"Campos de terra e times de oper\u00e1rios candangos: as origens do futebol em Bras\u00edlia"},"content":{"rendered":"<p>T\u00e3o logo come\u00e7aram as obras de terraplanagem no planalto central, surgiram tamb\u00e9m as primeiras traves de futebol. A bola era uma das poucas oportunidades de lazer de centenas de candangos que desembarcaram em Bras\u00edlia entre os anos de 1956 e 1957. A terra vermelha batida era marca registrada dos campos em que se divertiam oper\u00e1rios das construtoras que tinham a ousada miss\u00e3o de erguer o sonho de Juscelino Kubitschek.<\/p>\n<p>Antes mesmo da inaugura\u00e7\u00e3o da nova capital, em 21 de abril de 1960, Bras\u00edlia j\u00e1 tinha campe\u00e3o no futebol. O primeiro campeonato local foi realizado no ano anterior, com t\u00edtulo do Gr\u00eamio Esportivo Brasiliense, em novembro de 1959.<\/p>\n<p>O torneio continuou nos anos seguintes, disputado por times fundados por trabalhadores de construtoras e dos \u00f3rg\u00e3os p\u00fablicos que come\u00e7avam a se instalar na cidade. Foi dentro do Departamento de For\u00e7a e Luz da Novacap \u2013 companhia fundada para coordenar as obras de Bras\u00edlia \u2013 que surgiu um dos principais times da \u00e9poca: o Defel\u00ea.<\/p>\n<p>\u2013 Fomos contratando fiscais, apontadores e juntamos o \u00fatil ao agrad\u00e1vel. Tinha que contratar algu\u00e9m pra trabalhar. Ent\u00e3o, que fosse algu\u00e9m que tivesse no\u00e7\u00e3o de futebol. Foi a\u00ed que melhoramos nosso time \u2013 contou Wander Abdalla, um dos fundadores do Defel\u00ea.<\/p>\n<p>A estrat\u00e9gia deu muito certo e o Defel\u00ea foi tricampe\u00e3o entre 1960 e 1962. Pouco depois, a equipe da construtora Rabello assumiu o protagonismo e conquistou o tetracampeonato brasiliense entre os anos de 1964 e 1967. Nesse per\u00edodo, foram feitas as primeiras tentativas de profissionaliza\u00e7\u00e3o.<\/p>\n<p>\u2013 Muita gente fichava na companhia e ganhava um sal\u00e1rio apenas para jogar bola. Eles montaram um time profissional e fomos campe\u00f5es do primeiro campeonato profissional de Bras\u00edlia \u2013 lembrou Moacyr \u201cMello\u201d dos Santos, ex-zagueiro do Rabello.<\/p>\n<p>Naquele per\u00edodo, tamb\u00e9m era comum grandes times do pa\u00eds visitarem a capital federal para amistosos contra os clubes locais e a Sele\u00e7\u00e3o de Bras\u00edlia. Craques como Tost\u00e3o, Pel\u00e9 e Garrincha jogaram nos campos da cidade durante a d\u00e9cada de 1960, em partidas que arrastavam multid\u00f5es.<\/p>\n<figure id=\"attachment_946\" aria-describedby=\"caption-attachment-946\" style=\"width: 984px\" class=\"wp-caption alignleft\"><img loading=\"lazy\" decoding=\"async\" class=\"size-full wp-image-946\" src=\"https:\/\/memoriadaculturaesportebsb.com.br\/wp-content\/uploads\/2023\/01\/Campo_02.webp\" alt=\"\" width=\"984\" height=\"766\" srcset=\"https:\/\/memoriadaculturaesportebsb.com.br\/wp-content\/uploads\/2023\/01\/Campo_02.webp 984w, https:\/\/memoriadaculturaesportebsb.com.br\/wp-content\/uploads\/2023\/01\/Campo_02-300x234.webp 300w, https:\/\/memoriadaculturaesportebsb.com.br\/wp-content\/uploads\/2023\/01\/Campo_02-768x598.webp 768w\" sizes=\"auto, (max-width: 984px) 100vw, 984px\" \/><figcaption id=\"caption-attachment-946\" class=\"wp-caption-text\">Ex-zagueiro Mello guarda com carinho foto com Pel\u00e9 durante amistoso em Bras\u00edlia \u2014 Foto: Arquivo Pessoal<\/figcaption><\/figure>\n<p>As tentativas de profissionaliza\u00e7\u00e3o n\u00e3o se sustentaram por muito tempo no futebol de Bras\u00edlia, que voltou a contar com times amadores no campeonato na reta final da d\u00e9cada de 1960 e seguiu assim at\u00e9 1975. Foi um per\u00edodo de transi\u00e7\u00e3o no cen\u00e1rio local.<\/p>\n<p>\u2013 O ritmo de obras em Bras\u00edlia foi diminuindo bastante ao fim da d\u00e9cada de 1960. Com isso, as construtoras foram sendo extintas ou deixando a cidade. Com os times, n\u00e3o foi diferente. Os clubes ligados \u00e0s construtoras tamb\u00e9m foram acabando. Come\u00e7ou outra fase. Os clubes n\u00e3o tinham mais rela\u00e7\u00e3o com as construtoras, mas passaram a representar as cidades: Gama, Sobradinho, Taguatinga, Ceil\u00e2ndia e o pr\u00f3prio Bras\u00edlia \u2013 explicou o pesquisador Marcio Almeida, especialista na hist\u00f3ria do futebol do Distrito Federal.<\/p>\n<figure id=\"attachment_947\" aria-describedby=\"caption-attachment-947\" style=\"width: 984px\" class=\"wp-caption alignleft\"><img loading=\"lazy\" decoding=\"async\" class=\"size-full wp-image-947\" src=\"https:\/\/memoriadaculturaesportebsb.com.br\/wp-content\/uploads\/2023\/01\/Campo_03.webp\" alt=\"\" width=\"984\" height=\"528\" srcset=\"https:\/\/memoriadaculturaesportebsb.com.br\/wp-content\/uploads\/2023\/01\/Campo_03.webp 984w, https:\/\/memoriadaculturaesportebsb.com.br\/wp-content\/uploads\/2023\/01\/Campo_03-300x161.webp 300w, https:\/\/memoriadaculturaesportebsb.com.br\/wp-content\/uploads\/2023\/01\/Campo_03-768x412.webp 768w, https:\/\/memoriadaculturaesportebsb.com.br\/wp-content\/uploads\/2023\/01\/Campo_03-310x165.webp 310w\" sizes=\"auto, (max-width: 984px) 100vw, 984px\" \/><figcaption id=\"caption-attachment-947\" class=\"wp-caption-text\">Time da construtora Rabello, tetracampe\u00e3o brasiliense entre 1964 e 1967 \u2014 Foto: Memorial Gamense<\/figcaption><\/figure>\n<p>Nenhum time campe\u00e3o da era amadora do futebol do DF sobreviveu. Por\u00e9m, os candangos que ergueram n\u00e3o apenas a cidade, mas tamb\u00e9m o futebol local, est\u00e3o marcados na hist\u00f3ria de Bras\u00edlia.<\/p>\n<p><strong>Lista de campe\u00f5es da era amadora do futebol brasiliense<\/strong><\/p>\n<ul>\n<li>1959 \u2013 Gr\u00eamio<\/li>\n<li>1960 \u2013 Defel\u00ea<\/li>\n<li>1961 \u2013 Defel\u00ea<\/li>\n<li>1962 \u2013 Defel\u00ea<\/li>\n<li>1963 \u2013 Cruzeiro do Sul<\/li>\n<li>1964 \u2013 Rabello<\/li>\n<li>1965 \u2013 Rabello<\/li>\n<li>1966 \u2013 Rabello<\/li>\n<li>1967 \u2013 Rabello<\/li>\n<li>1968 \u2013 Defel\u00ea<\/li>\n<li>1969 \u2013 Coenge<\/li>\n<li>1970 \u2013 Gr\u00eamio<\/li>\n<li>1971 \u2013 Colombo<\/li>\n<li>1972 \u2013 Servi\u00e7o Gr\u00e1fico<\/li>\n<li>1973 \u2013 Ceub<\/li>\n<li>1974 \u2013 Pioneira<\/li>\n<li>1975 \u2013 Campineira<\/li>\n<\/ul>\n","protected":false},"excerpt":{"rendered":"<p>T\u00e3o logo come\u00e7aram as obras de terraplanagem no planalto central, surgiram tamb\u00e9m as primeiras traves de futebol. A bola era uma das poucas oportunidades de lazer de centenas de candangos que desembarcaram em Bras\u00edlia entre os anos de 1956 e 1957. A terra vermelha batida era marca registrada dos campos em que se divertiam oper\u00e1rios &hellip;<\/p>\n","protected":false},"author":1,"featured_media":945,"comment_status":"closed","ping_status":"closed","sticky":false,"template":"","format":"standard","meta":{"footnotes":""},"categories":[4],"tags":[],"class_list":["post-944","post","type-post","status-publish","format-standard","has-post-thumbnail","","category-esporte"],"_links":{"self":[{"href":"https:\/\/memoriadaculturaesportebsb.com.br\/index.php\/wp-json\/wp\/v2\/posts\/944","targetHints":{"allow":["GET"]}}],"collection":[{"href":"https:\/\/memoriadaculturaesportebsb.com.br\/index.php\/wp-json\/wp\/v2\/posts"}],"about":[{"href":"https:\/\/memoriadaculturaesportebsb.com.br\/index.php\/wp-json\/wp\/v2\/types\/post"}],"author":[{"embeddable":true,"href":"https:\/\/memoriadaculturaesportebsb.com.br\/index.php\/wp-json\/wp\/v2\/users\/1"}],"replies":[{"embeddable":true,"href":"https:\/\/memoriadaculturaesportebsb.com.br\/index.php\/wp-json\/wp\/v2\/comments?post=944"}],"version-history":[{"count":3,"href":"https:\/\/memoriadaculturaesportebsb.com.br\/index.php\/wp-json\/wp\/v2\/posts\/944\/revisions"}],"predecessor-version":[{"id":1054,"href":"https:\/\/memoriadaculturaesportebsb.com.br\/index.php\/wp-json\/wp\/v2\/posts\/944\/revisions\/1054"}],"wp:featuredmedia":[{"embeddable":true,"href":"https:\/\/memoriadaculturaesportebsb.com.br\/index.php\/wp-json\/wp\/v2\/media\/945"}],"wp:attachment":[{"href":"https:\/\/memoriadaculturaesportebsb.com.br\/index.php\/wp-json\/wp\/v2\/media?parent=944"}],"wp:term":[{"taxonomy":"category","embeddable":true,"href":"https:\/\/memoriadaculturaesportebsb.com.br\/index.php\/wp-json\/wp\/v2\/categories?post=944"},{"taxonomy":"post_tag","embeddable":true,"href":"https:\/\/memoriadaculturaesportebsb.com.br\/index.php\/wp-json\/wp\/v2\/tags?post=944"}],"curies":[{"name":"wp","href":"https:\/\/api.w.org\/{rel}","templated":true}]}}