{"id":890,"date":"2022-05-03T13:51:10","date_gmt":"2022-05-03T16:51:10","guid":{"rendered":"https:\/\/memoriadaculturaesportebsb.com.br\/final\/?p=890"},"modified":"2023-02-02T10:41:12","modified_gmt":"2023-02-02T13:41:12","slug":"sorria-brasilia-acende-a-memoria-cultural","status":"publish","type":"post","link":"https:\/\/memoriadaculturaesportebsb.com.br\/index.php\/2022\/05\/03\/sorria-brasilia-acende-a-memoria-cultural\/","title":{"rendered":"\u201cSorria, Bras\u00edlia\u201d acende a mem\u00f3ria cultural"},"content":{"rendered":"<p><img loading=\"lazy\" decoding=\"async\" class=\"alignleft size-full wp-image-892\" src=\"https:\/\/memoriadaculturaesportebsb.com.br\/wp-content\/uploads\/2023\/01\/Candango_02.jpg\" alt=\"\" width=\"300\" height=\"300\" srcset=\"https:\/\/memoriadaculturaesportebsb.com.br\/wp-content\/uploads\/2023\/01\/Candango_02.jpg 300w, https:\/\/memoriadaculturaesportebsb.com.br\/wp-content\/uploads\/2023\/01\/Candango_02-150x150.jpg 150w, https:\/\/memoriadaculturaesportebsb.com.br\/wp-content\/uploads\/2023\/01\/Candango_02-70x70.jpg 70w, https:\/\/memoriadaculturaesportebsb.com.br\/wp-content\/uploads\/2023\/01\/Candango_02-120x120.jpg 120w\" sizes=\"auto, (max-width: 300px) 100vw, 300px\" \/>Na quarta-feira (20.4), o projeto \u201cSorria, Bras\u00edlia\u201d p\u00f4s a mem\u00f3ria em movimento para celebrar os 62 anos da cidade. A hist\u00f3ria dos candangos voltou a ser narrada no Museu Vivo da Mem\u00f3ria Candanga (MVMC) com\u00a0 a reabertura da mostra hist\u00f3rica \u201cPoeira, Lona e Concreto\u201d, que retornou ao espa\u00e7o expositivo completamente higienizada e preservada. No Memorial dos Povos Ind\u00edgenas (MPI), estudantes e visitantes ficaram diante do precioso acervo de dezenas de etnias e ainda tiveram uma aula sobre o verdadeiro papel dos povos origin\u00e1rios na forma\u00e7\u00e3o do Brasil. \u00c0 noite, o Complexo Cultural de Planaltina (CCP) fez uma viagem no tempo sobre os 49 anos da Via Sacra ao Vivo, patrim\u00f4nio imaterial do DF.<\/p>\n<p>\u201cA mem\u00f3ria cultura \u00e9 o b\u00e1lsamo que movimenta a vida de uma na\u00e7\u00e3o. Colocar essas narrativas em jorro com o presente \u00e9 uma miss\u00e3o do Estado\u201d, defende Bartolomeu Rodrigues, secret\u00e1rio de Cultura e Economia Criativa.<\/p>\n<p><strong><img loading=\"lazy\" decoding=\"async\" class=\"alignleft size-full wp-image-893\" src=\"https:\/\/memoriadaculturaesportebsb.com.br\/wp-content\/uploads\/2023\/01\/Candango_03.jpg\" alt=\"\" width=\"300\" height=\"200\" \/>For\u00e7a origin\u00e1ria<\/strong> &#8211;\u00a0Os 50 alunos de escola p\u00fablica que visitavam o Memorial dos Povos Ind\u00edgenas pareciam mergulhados numa hist\u00f3ria agora contada com mais representatividade.\u00a0 Para muitos, a experi\u00eancia foi m\u00e1gica, enriquecedora. Afinal, s\u00e3o mais de 12 mil anos de hist\u00f3ria num \u00fanico espa\u00e7o.<\/p>\n<p>\u201cAprendi muitas coisas sobre os \u00edndios que eu n\u00e3o sabia, gostando muito do passeio\u201d, comentou a aluna do 4\u00aa da Escola Classe 01 do Guar\u00e1, Valentina Tavares Matias, 9 anos, deslumbrada com fotos antigas que comp\u00f5em a exposi\u00e7\u00e3o permanente do Espa\u00e7o.<\/p>\n<p><img loading=\"lazy\" decoding=\"async\" class=\"alignleft size-full wp-image-894\" src=\"https:\/\/memoriadaculturaesportebsb.com.br\/wp-content\/uploads\/2023\/01\/Candango_04.jpg\" alt=\"\" width=\"300\" height=\"200\" \/>Professora de humanas da turma, Rilza Cortez enfatizou a import\u00e2ncia da experi\u00eancia presencial. \u201cEles j\u00e1 est\u00e3o aprendendo sobre cultura ind\u00edgena na escola, sobre a miscigena\u00e7\u00e3o das tr\u00eas ra\u00e7as, mas vir pessoalmente ao museu e ter contato com todas essas artes, trazer a hist\u00f3ria para algo mais palp\u00e1vel ajudam a fixar o assunto com maior facilidade\u201d, defende.<\/p>\n<p>Membro do povo Guarani, Mirim Ju Ian, 31 anos, hipnotizou a garotada falando sobre a import\u00e2ncia da M\u00e3e Natureza. Aproveitou a ocasi\u00e3o para ensinar cantos e dan\u00e7as t\u00edpicas da sua tribo. \u201cTodo o solo brasileiro sempre foi bem respeitado pelos povos ind\u00edgenas, respeitamos a terra como se fosse a nossa m\u00e3e\u201d, disse o ind\u00edgena, que estuda Geografia na UnB. \u201cEscolhi esse curso justamente para aprender mais sobre a terra\u201d, explicou.<\/p>\n<p><strong><img loading=\"lazy\" decoding=\"async\" class=\"alignleft size-full wp-image-895\" src=\"https:\/\/memoriadaculturaesportebsb.com.br\/wp-content\/uploads\/2023\/01\/Candango_05.jpg\" alt=\"\" width=\"300\" height=\"200\" \/>Candangos vivos<\/strong>\u00a0&#8211; A exposi\u00e7\u00e3o \u201cPoeira Lona e Concreto\u201d foi reaberta nesta quarta-feira, dia 20, no Museu Vivo da Mem\u00f3ria Candanga. A mostra, que passava por um processo de restaura\u00e7\u00e3o, retorna em clima de festa, j\u00e1 que faz parte da programa\u00e7\u00e3o do Sorria Bras\u00edlia \u2013 62 anos.<\/p>\n<p>Entre fotos e objetos hist\u00f3ricos do Museu, que no passado j\u00e1 foi o primeiro hospital da cidade, teve dan\u00e7a e discursos potentes.<\/p>\n<p>Para o Secret\u00e1rio de Cultura e Economia Criativa,\u00a0 Bartolomeu Rodrigues, a exposi\u00e7\u00e3o \u00e9 um registro fundamental para a hist\u00f3ria da cidade e destaca o carinho dos gestores para manter o espa\u00e7o. \u201cO que mais me comove aqui no Museu Vivo da Mem\u00f3ria Candanga \u00e9 a doa\u00e7\u00e3o das pessoas para que isso esteja aqui de p\u00e9 contando hist\u00f3rias\u201d.<\/p>\n<p><img loading=\"lazy\" decoding=\"async\" class=\"alignleft size-full wp-image-896\" src=\"https:\/\/memoriadaculturaesportebsb.com.br\/wp-content\/uploads\/2023\/01\/Candango_06.jpg\" alt=\"\" width=\"300\" height=\"300\" srcset=\"https:\/\/memoriadaculturaesportebsb.com.br\/wp-content\/uploads\/2023\/01\/Candango_06.jpg 300w, https:\/\/memoriadaculturaesportebsb.com.br\/wp-content\/uploads\/2023\/01\/Candango_06-150x150.jpg 150w, https:\/\/memoriadaculturaesportebsb.com.br\/wp-content\/uploads\/2023\/01\/Candango_06-70x70.jpg 70w, https:\/\/memoriadaculturaesportebsb.com.br\/wp-content\/uploads\/2023\/01\/Candango_06-120x120.jpg 120w\" sizes=\"auto, (max-width: 300px) 100vw, 300px\" \/>Outro que se emocionou com as surpresas do que viu foi o servidor p\u00fablico Marcos Alves da Silva, 48, que j\u00e1 conhecia o Museu, mas n\u00e3o a exposi\u00e7\u00e3o. \u201cAchei a exposi\u00e7\u00e3o de suma import\u00e2ncia, estou surpreso por n\u00e3o conhecer e acho que \u00e9 legal destacar que existe nas pe\u00e7as uma perspectiva bem feminina, pontua\u201d.<\/p>\n<p><strong>Pela Via Sacra<\/strong> &#8211;\u00a0A abertura da exposi\u00e7\u00e3o \u201cVia Sacra Ao Vivo \u2013 Rumo aos 50 anos\u201d foi uma festa aos olhos dos visitantes. Figurinos, objetos, recortes de jornal, cartazes e pe\u00e7as do cen\u00e1rio ajudam a contar a hist\u00f3ria dessa que \u00e9 uma das maiores encena\u00e7\u00f5es \u00e0 c\u00e9u aberto do pa\u00eds, a Via Sacra Ao Vivo ou Via Sacra de Planaltina. Assim, contam tamb\u00e9m a hist\u00f3ria das pessoas que fazem essa verdadeira celebra\u00e7\u00e3o art\u00edstica e religiosa acontecer h\u00e1 49 anos.<\/p>\n<p><img loading=\"lazy\" decoding=\"async\" class=\"alignleft size-full wp-image-897\" src=\"https:\/\/memoriadaculturaesportebsb.com.br\/wp-content\/uploads\/2023\/01\/Candango_07.jpg\" alt=\"\" width=\"300\" height=\"300\" srcset=\"https:\/\/memoriadaculturaesportebsb.com.br\/wp-content\/uploads\/2023\/01\/Candango_07.jpg 300w, https:\/\/memoriadaculturaesportebsb.com.br\/wp-content\/uploads\/2023\/01\/Candango_07-150x150.jpg 150w, https:\/\/memoriadaculturaesportebsb.com.br\/wp-content\/uploads\/2023\/01\/Candango_07-70x70.jpg 70w, https:\/\/memoriadaculturaesportebsb.com.br\/wp-content\/uploads\/2023\/01\/Candango_07-120x120.jpg 120w\" sizes=\"auto, (max-width: 300px) 100vw, 300px\" \/>Mais de 70 pessoas prestigiaram o evento, relembrando e revivendo as emo\u00e7\u00f5es de cada ato encenado. Entre elas, estava Iohana Hanani, 32, que participa da Via Sacra desde os seis anos de idade. Na apresenta\u00e7\u00e3o desse ano, ela teve a honra e o desafio de viver o papel de Maria Madalena. Cada detalhe da personagem foi estudado a fundo, incluindo o figurino, que integra a mostra. \u201cAchei a exposi\u00e7\u00e3o espetacular! \u00c9 uma porta para a comunidade conhecer de perto e sentir o que a gente sente\u201d, celebrou.<\/p>\n<p>Quem tamb\u00e9m prestigiou o evento foi Mauro L\u00facio, que viveu o pr\u00f3prio Jesus Cristo durante mais de vinte anos de Via Sacra. \u201cMe sinto muito realizado, como se fosse uma sementinha que foi plantada naquela \u00e9poca e est\u00e1 frutificando agora. A Via Sacra faz parte da vida da gente e \u00e9 emocionante ver tudo que aconteceu nesses anos todos.\u201d<br \/>\n<img loading=\"lazy\" decoding=\"async\" class=\"alignleft size-full wp-image-898\" src=\"https:\/\/memoriadaculturaesportebsb.com.br\/wp-content\/uploads\/2023\/01\/Candango_08.jpg\" alt=\"\" width=\"300\" height=\"300\" srcset=\"https:\/\/memoriadaculturaesportebsb.com.br\/wp-content\/uploads\/2023\/01\/Candango_08.jpg 300w, https:\/\/memoriadaculturaesportebsb.com.br\/wp-content\/uploads\/2023\/01\/Candango_08-150x150.jpg 150w, https:\/\/memoriadaculturaesportebsb.com.br\/wp-content\/uploads\/2023\/01\/Candango_08-70x70.jpg 70w, https:\/\/memoriadaculturaesportebsb.com.br\/wp-content\/uploads\/2023\/01\/Candango_08-120x120.jpg 120w\" sizes=\"auto, (max-width: 300px) 100vw, 300px\" \/>Preto Rezende, coordenador-geral do Grupo Via Sacra Ao Vivo explicou que os preparativos para 2023 j\u00e1 come\u00e7aram. \u201cA gente come\u00e7a aqui a fazer uma coisa grandiosa, j\u00e1 pensando em levar para o ano que vem, com a comemora\u00e7\u00e3o dos 50 anos da Via Sacra!\u201d<\/p>\n<p>J\u00e1 o subsecret\u00e1rio do Patrim\u00f4nio Cultural da Secec, Aquiles Brayner, elogiou o trabalho que resultou na exposi\u00e7\u00e3o, que, segundo ele, foi muito prop\u00edcia para celebrar o anivers\u00e1rio de Bras\u00edlia. \u201cPara n\u00f3s, \u00e9 um momento muito gratificante ver Bras\u00edlia sorrindo novamente\u201d, afirmou.<\/p>\n<p>A exposi\u00e7\u00e3o fica em cartaz at\u00e9 20 de maio, no Complexo Cultural de Planaltina, equipamento da Secretaria de Cultura e Economia Criativa (Secec). Gerente do espa\u00e7o e curador da exibi\u00e7\u00e3o, Junior Ribeiro conta que \u201ca Via Sacra n\u00e3o \u00e9 mais s\u00f3 de Planaltina, mas um patrim\u00f4nio imaterial de todo o Distrito Federal\u201d e, por isso, a mostra tem tanta import\u00e2ncia, permitindo que sua for\u00e7a transcenda a encena\u00e7\u00e3o.<\/p>\n","protected":false},"excerpt":{"rendered":"<p>Na quarta-feira (20.4), o projeto \u201cSorria, Bras\u00edlia\u201d p\u00f4s a mem\u00f3ria em movimento para celebrar os 62 anos da cidade. A hist\u00f3ria dos candangos voltou a ser narrada no Museu Vivo da Mem\u00f3ria Candanga (MVMC) com\u00a0 a reabertura da mostra hist\u00f3rica \u201cPoeira, Lona e Concreto\u201d, que retornou ao espa\u00e7o expositivo completamente higienizada e preservada. No Memorial &hellip;<\/p>\n","protected":false},"author":1,"featured_media":891,"comment_status":"closed","ping_status":"closed","sticky":false,"template":"","format":"standard","meta":{"footnotes":""},"categories":[2],"tags":[],"class_list":["post-890","post","type-post","status-publish","format-standard","has-post-thumbnail","","category-cultura"],"_links":{"self":[{"href":"https:\/\/memoriadaculturaesportebsb.com.br\/index.php\/wp-json\/wp\/v2\/posts\/890","targetHints":{"allow":["GET"]}}],"collection":[{"href":"https:\/\/memoriadaculturaesportebsb.com.br\/index.php\/wp-json\/wp\/v2\/posts"}],"about":[{"href":"https:\/\/memoriadaculturaesportebsb.com.br\/index.php\/wp-json\/wp\/v2\/types\/post"}],"author":[{"embeddable":true,"href":"https:\/\/memoriadaculturaesportebsb.com.br\/index.php\/wp-json\/wp\/v2\/users\/1"}],"replies":[{"embeddable":true,"href":"https:\/\/memoriadaculturaesportebsb.com.br\/index.php\/wp-json\/wp\/v2\/comments?post=890"}],"version-history":[{"count":4,"href":"https:\/\/memoriadaculturaesportebsb.com.br\/index.php\/wp-json\/wp\/v2\/posts\/890\/revisions"}],"predecessor-version":[{"id":1048,"href":"https:\/\/memoriadaculturaesportebsb.com.br\/index.php\/wp-json\/wp\/v2\/posts\/890\/revisions\/1048"}],"wp:featuredmedia":[{"embeddable":true,"href":"https:\/\/memoriadaculturaesportebsb.com.br\/index.php\/wp-json\/wp\/v2\/media\/891"}],"wp:attachment":[{"href":"https:\/\/memoriadaculturaesportebsb.com.br\/index.php\/wp-json\/wp\/v2\/media?parent=890"}],"wp:term":[{"taxonomy":"category","embeddable":true,"href":"https:\/\/memoriadaculturaesportebsb.com.br\/index.php\/wp-json\/wp\/v2\/categories?post=890"},{"taxonomy":"post_tag","embeddable":true,"href":"https:\/\/memoriadaculturaesportebsb.com.br\/index.php\/wp-json\/wp\/v2\/tags?post=890"}],"curies":[{"name":"wp","href":"https:\/\/api.w.org\/{rel}","templated":true}]}}