{"id":883,"date":"2022-05-03T13:42:25","date_gmt":"2022-05-03T16:42:25","guid":{"rendered":"https:\/\/memoriadaculturaesportebsb.com.br\/final\/?p=883"},"modified":"2023-02-02T10:42:23","modified_gmt":"2023-02-02T13:42:23","slug":"memoria-dos-candangos-volta-ao-museu-vivo","status":"publish","type":"post","link":"https:\/\/memoriadaculturaesportebsb.com.br\/index.php\/2022\/05\/03\/memoria-dos-candangos-volta-ao-museu-vivo\/","title":{"rendered":"Mem\u00f3ria dos candangos volta ao Museu Vivo"},"content":{"rendered":"<p>Integrando as atividades do projeto \u201cSorria, Bras\u00edlia\u201d, que comemora os 62 anos da capital, a Secretaria de Cultura e Economia Criativa (Secec) entrega restaurado um dos patrim\u00f4nios memoriais da cidade: a exposi\u00e7\u00e3o \u201cPoeira, Lona e Concreto\u201d, do Museu Vivo da Mem\u00f3ria Candanga (MVMC). Com reabertura marcada para esta quarta-feira (20.4), \u00e0s 15h, uma das mostras mais emblem\u00e1ticas sobre o nascimento da capital \u00e9 devolvida \u00e0 sociedade com cerim\u00f4nia para convidados. Em seguida, abre ao p\u00fablico todos os dias de das 9h \u00e0s 17h.<br \/>\n<img loading=\"lazy\" decoding=\"async\" class=\"size-full wp-image-885 aligncenter\" src=\"https:\/\/memoriadaculturaesportebsb.com.br\/wp-content\/uploads\/2023\/01\/Museu_02.jpg\" alt=\"\" width=\"768\" height=\"549\" srcset=\"https:\/\/memoriadaculturaesportebsb.com.br\/wp-content\/uploads\/2023\/01\/Museu_02.jpg 768w, https:\/\/memoriadaculturaesportebsb.com.br\/wp-content\/uploads\/2023\/01\/Museu_02-300x214.jpg 300w\" sizes=\"auto, (max-width: 768px) 100vw, 768px\" \/>\u201cPoeira, Lona e Concreto conta justamente a realiza\u00e7\u00e3o do sonho que \u00e9 Bras\u00edlia. Estamos trabalhando com a\u00e7\u00f5es que exaltam a preocupa\u00e7\u00e3o do GDF com a mem\u00f3ria cultural por meio de exposi\u00e7\u00f5es que colocam em din\u00e2mica aspectos hist\u00f3ricos\u201d, observa o secret\u00e1rio de Cultura e Economia Criativa, Bartolomeu Rodrigues.<\/p>\n<p class=\"\">Montada no Museu Vivo desde a sua inaugura\u00e7\u00e3o, em 1990, a exposi\u00e7\u00e3o permanente conta com mais de mil itens e \u00e9 composta pelas pe\u00e7as, objetos e fotos que narram a hist\u00f3ria da cidade, desde os sonhos, os projetos, a constru\u00e7\u00e3o, at\u00e9 sua inaugura\u00e7\u00e3o. Ao passar por minuciosa an\u00e1lise t\u00e9cnica, foi constatado desgaste das madeiras, a presen\u00e7a de insetos e desgaste de objetos.<\/p>\n<figure id=\"attachment_886\" aria-describedby=\"caption-attachment-886\" style=\"width: 300px\" class=\"wp-caption alignleft\"><img loading=\"lazy\" decoding=\"async\" class=\"size-full wp-image-886\" src=\"https:\/\/memoriadaculturaesportebsb.com.br\/wp-content\/uploads\/2023\/01\/Museu_03.jpg\" alt=\"\" width=\"300\" height=\"200\" \/><figcaption id=\"caption-attachment-886\" class=\"wp-caption-text\">\u201cPoeira, Lona e Concreto\u201d<\/figcaption><\/figure>\n<p class=\"\">Ap\u00f3s o diagn\u00f3stico feito pela Diretoria de Preserva\u00e7\u00e3o (Dipres), a Secec investiu R$ 5.910,00 para o processo de restaura\u00e7\u00e3o, que consistiu na remo\u00e7\u00e3o de todo o acervo original e cenogr\u00e1fico para higieniza\u00e7\u00e3o e reimpress\u00e3o das r\u00e9plicas das fotos, croquis, descupiniza\u00e7\u00e3o da galeria, reparo das pe\u00e7as expostas, controle de vetores e pragas urbanas, dedetiza\u00e7\u00e3o, desinsetiza\u00e7\u00e3o, desratiza\u00e7\u00e3o, controle\/manejo de pombos, em \u00e1reas internas e externas e pintura da galeria que levou cerca de 90 dias para a conclus\u00e3o dos trabalhos. Al\u00e9m disso, os pain\u00e9is de madeira que abrigavam as fotos foram trocados.<\/p>\n<figure id=\"attachment_887\" aria-describedby=\"caption-attachment-887\" style=\"width: 300px\" class=\"wp-caption alignleft\"><img loading=\"lazy\" decoding=\"async\" class=\"size-full wp-image-887\" src=\"https:\/\/memoriadaculturaesportebsb.com.br\/wp-content\/uploads\/2023\/01\/Museu_04.jpg\" alt=\"\" width=\"300\" height=\"200\" \/><figcaption id=\"caption-attachment-887\" class=\"wp-caption-text\">Volta totalmente revitalizada<\/figcaption><\/figure>\n<p class=\"\">Respons\u00e1vel pelos espa\u00e7os culturais da pasta, o subsecret\u00e1rio do Patrim\u00f4nio Cultural, Aquiles Brayner, destaca que a exposi\u00e7\u00e3o \u00e9 retomada do jeito que foi concebida originalmente. \u201cAp\u00f3s a descupiniza\u00e7\u00e3o do espa\u00e7o e reimpress\u00e3o das imagens que estavam muito desgastadas pelo tempo, Bras\u00edlia recebe de volta a preserva\u00e7\u00e3o da hist\u00f3ria do povo candango\u201d, garantiu.<\/p>\n<p class=\"\">Composta de diferentes ambienta\u00e7\u00f5es, a mostra cumprir\u00e1 seu papel de resgate da \u00e9poca da chegada dos sonhadores candangos. A partir de fotografias, textos, m\u00f3veis e objetos do in\u00edcio de Bras\u00edlia, que v\u00e3o desde documentos importantes como os da Miss\u00e3o Cruls, projetos de L\u00facio Costa e Oscar Niemeyer, at\u00e9 as acomoda\u00e7\u00f5es dos pioneiros, com detalhes da vida de in\u00fameras fam\u00edlias, \u201cPoeira, Lona e Concreto\u201d faz com que a representa\u00e7\u00e3o sociocultural se materialize para cada visitante.<\/p>\n<p><img loading=\"lazy\" decoding=\"async\" class=\"alignleft size-full wp-image-888\" src=\"https:\/\/memoriadaculturaesportebsb.com.br\/wp-content\/uploads\/2023\/01\/Museu_05.jpg\" alt=\"\" width=\"300\" height=\"200\" \/>Gerente do Museu Vivo, Eliane Falc\u00e3o destaca a satisfa\u00e7\u00e3o de trazer de volta em excelente estado uma exposi\u00e7\u00e3o que simboliza toda a diversidade cultural presente no Distrito Federal. \u201c\u2018Poeira, Lona e Concreto\u2019 vai al\u00e9m de sua compet\u00eancia did\u00e1tica e hist\u00f3rica; a mostra eterniza toda a narrativa de trabalhadores de diversos lugares do pa\u00eds movidos pela oportunidade de trabalho e pelo desejo de participar do processo de constru\u00e7\u00e3o da nova capital\u201d, considerou.<\/p>\n<p><strong>MUSEU VIVO DA MEM\u00d3RIA CANDANGA<\/strong><\/p>\n<ul>\n<li>Abertura:\u00a020\/4, \u00e0s 15h.<\/li>\n<li>Funcionamento di\u00e1rio das 9h \u00e0s 17h.<\/li>\n<\/ul>\n","protected":false},"excerpt":{"rendered":"<p>Integrando as atividades do projeto \u201cSorria, Bras\u00edlia\u201d, que comemora os 62 anos da capital, a Secretaria de Cultura e Economia Criativa (Secec) entrega restaurado um dos patrim\u00f4nios memoriais da cidade: a exposi\u00e7\u00e3o \u201cPoeira, Lona e Concreto\u201d, do Museu Vivo da Mem\u00f3ria Candanga (MVMC). Com reabertura marcada para esta quarta-feira (20.4), \u00e0s 15h, uma das mostras &hellip;<\/p>\n","protected":false},"author":1,"featured_media":884,"comment_status":"closed","ping_status":"closed","sticky":false,"template":"","format":"standard","meta":{"footnotes":""},"categories":[2],"tags":[],"class_list":["post-883","post","type-post","status-publish","format-standard","has-post-thumbnail","","category-cultura"],"_links":{"self":[{"href":"https:\/\/memoriadaculturaesportebsb.com.br\/index.php\/wp-json\/wp\/v2\/posts\/883","targetHints":{"allow":["GET"]}}],"collection":[{"href":"https:\/\/memoriadaculturaesportebsb.com.br\/index.php\/wp-json\/wp\/v2\/posts"}],"about":[{"href":"https:\/\/memoriadaculturaesportebsb.com.br\/index.php\/wp-json\/wp\/v2\/types\/post"}],"author":[{"embeddable":true,"href":"https:\/\/memoriadaculturaesportebsb.com.br\/index.php\/wp-json\/wp\/v2\/users\/1"}],"replies":[{"embeddable":true,"href":"https:\/\/memoriadaculturaesportebsb.com.br\/index.php\/wp-json\/wp\/v2\/comments?post=883"}],"version-history":[{"count":2,"href":"https:\/\/memoriadaculturaesportebsb.com.br\/index.php\/wp-json\/wp\/v2\/posts\/883\/revisions"}],"predecessor-version":[{"id":1049,"href":"https:\/\/memoriadaculturaesportebsb.com.br\/index.php\/wp-json\/wp\/v2\/posts\/883\/revisions\/1049"}],"wp:featuredmedia":[{"embeddable":true,"href":"https:\/\/memoriadaculturaesportebsb.com.br\/index.php\/wp-json\/wp\/v2\/media\/884"}],"wp:attachment":[{"href":"https:\/\/memoriadaculturaesportebsb.com.br\/index.php\/wp-json\/wp\/v2\/media?parent=883"}],"wp:term":[{"taxonomy":"category","embeddable":true,"href":"https:\/\/memoriadaculturaesportebsb.com.br\/index.php\/wp-json\/wp\/v2\/categories?post=883"},{"taxonomy":"post_tag","embeddable":true,"href":"https:\/\/memoriadaculturaesportebsb.com.br\/index.php\/wp-json\/wp\/v2\/tags?post=883"}],"curies":[{"name":"wp","href":"https:\/\/api.w.org\/{rel}","templated":true}]}}