{"id":880,"date":"2022-05-03T13:37:49","date_gmt":"2022-05-03T16:37:49","guid":{"rendered":"https:\/\/memoriadaculturaesportebsb.com.br\/final\/?p=880"},"modified":"2023-01-30T13:42:00","modified_gmt":"2023-01-30T16:42:00","slug":"renato-russo-colocou-brasilia-no-mapa-da-musica-do-brasil","status":"publish","type":"post","link":"https:\/\/memoriadaculturaesportebsb.com.br\/index.php\/2022\/05\/03\/renato-russo-colocou-brasilia-no-mapa-da-musica-do-brasil\/","title":{"rendered":"Renato Russo colocou Bras\u00edlia no mapa da m\u00fasica do Brasil"},"content":{"rendered":"<p>Renato Russo \u00e9 apontado como um dos principais idealizadores da cena do rock de Bras\u00edlia. Ao lado de seus colegas de Legi\u00e3o Urbana e de bandas como Plebe Rude e Capital Inicial, ele foi respons\u00e1vel por colocar o Distrito Federal no mapa da m\u00fasica. Mais do que isso, o artista foi respons\u00e1vel por \u201ccompartilhar o check-in\u201d de diversas partes do Plano Piloto e de outras regi\u00f5es administrativas do DF com pessoas de todo o pa\u00eds, em um tempo distante das redes sociais.<\/p>\n<p>Hoje, f\u00e3s do m\u00fasico e turistas em geral podem marcar sua localiza\u00e7\u00e3o em lugares hist\u00f3ricos, como a quadra onde Renato cresceu, os bares onde rolaram os primeiros shows e os espa\u00e7os onde colegas como a \u201cTurma da Colina\u201d se reuniam. Para mostrar onde est\u00e3o os lugares mais significativos da trajet\u00f3ria do eterno l\u00edder da Legi\u00e3o, o&nbsp;<strong>R7<\/strong> preparou uma \u201cRota Renato Russo\u201d.<\/p>\n<p><strong>SQS 303 \u2013 <\/strong>Renato Russo nasceu no Rio de Janeiro, mas foi em Bras\u00edlia que se tornou o artista conhecido e celebrado por todo o p\u00fablico. A casa onde ele morou, no bloco B da Superquadra 303 da Asa Sul, foi onde Renato devorou livros, discos e filmes, onde recebeu amigos, trocou ideias e escreveu algumas das can\u00e7\u00f5es que se tornaram hinos de uma gera\u00e7\u00e3o.<\/p>\n<p><strong>Colina \u2013 <\/strong>O termo \u201cTurma da Colina\u201d, ou \u201ctchurma\u201d, \u00e9 uma cria\u00e7\u00e3o de Renato para se referir ao grupo de amigos que se reuniam inicialmente nos pilotis dos blocos A ao D (os \u00fanicos que existiam na \u00e9poca) para suas \u201cpernoitadas\u201d na companhia de vinho barato e boa m\u00fasica. Os apartamentos que abrigavam professores da Universidade de Bras\u00edlia (UnB) eram morada de m\u00fasicos como Andr\u00e9 X e Gutje, da Plebe Rude, Toninho Maya e os irm\u00e3os F\u00ea e Flavio Lemos, que formariam o Aborto El\u00e9trico ao lado de Renato e depois fariam parte do Capital Inicial.<\/p>\n<p><strong>Cafofo (CLN 407) \u2013 <\/strong>Lugar frequentado pela Turma da Colina, o bar foi palco de alguns dos primeiros shows do Aborto El\u00e9trico, banda de Renato Russo que acabou sendo o embri\u00e3o da Legi\u00e3o Urbana e do Capital Inicial. O espa\u00e7o ainda lan\u00e7ou outros grupos de rock de Bras\u00edlia, como a Blitx 64.<\/p>\n<p><strong>Gilberto Salom\u00e3o (QI 5 do Lago Sul) \u2013 <\/strong>O espa\u00e7o entrou para a hist\u00f3ria do rock de Bras\u00edlia por ter sido palco do primeiro show do Aberto El\u00e9trico, com Renato Russo tocando baixo (o grupo era um trio instrumental). A apresenta\u00e7\u00e3o aconteceu em 11 de janeiro de 1980. Tamb\u00e9m havia bares ali, como o S\u00f3 Kana, onde as bandas tamb\u00e9m se apresentavam.<\/p>\n<p><strong>Gilbertinho (QI 11 do Lago Sul) \u2013 <\/strong>O local \u00e9 considerado o \u00faltimo reduto da Turma da Colina, antes do estouro da Legi\u00e3o Urbana. Ali havia bares como o Papos e Panquecas e o Madrugadas, que serviram de palco para as bandas de rock de Bras\u00edlia nos anos 1980. O nome \u201cGilbertinho\u201d foi dado pela \u201ctchurma\u201d porque o local se parecia como uma vers\u00e3o menor do Centro Comercial Gilberto Salom\u00e3o, tamb\u00e9m no Lago Sul.<\/p>\n<p><strong>Cruz da Pra\u00e7a do Cruzeiro (Eixo Monumental) \u2013 <\/strong>At\u00e9 hoje o local \u00e9 reduto para o encontro de jovens, em especial aqueles que gostam de contemplar o p\u00f4r do sol. Diz a lenda que foi em um show nesse espa\u00e7o que o baterista F\u00ea Lemos atirou uma baqueta na cabe\u00e7a de Renato Russo, dando in\u00edcio ao fim do Aborto El\u00e9trico.<\/p>\n<p><strong>Parque da Cidade (Pra\u00e7a Eduardo e M\u00f4nica) \u2013 <\/strong>\u201cSe encontraram ent\u00e3o no Parque da Cidade, a M\u00f4nica de moto e o Eduardo de camelo\u201d, diz a letra da can\u00e7\u00e3o do disco Dois, de 1986. Um dos maiores parques urbanos do mundo, o local \u00e9 sempre associado \u00e0 trajet\u00f3ria de Renato e da Legi\u00e3o Urbana. A pra\u00e7a Eduardo e M\u00f4nica fica pr\u00f3xima ao lago e tem um monumento em homenagem \u00e0 can\u00e7\u00e3o e ao artista.<\/p>\n<p><strong>Adega (Cine Centro S\u00e3o Francisco \u2013 102\/103 Sul) \u2013 <\/strong>A Turma da Colina tamb\u00e9m frequentava o lugar, entre 1982 e 1983. Havia outros bares ali, o que provocava a aglutina\u00e7\u00e3o de centenas de pessoas. \u201cTodo mundo virou punk\u201d, disse o diretor de TV Jos\u00e9 Renato Martins, amigo de adolesc\u00eancia de Renato.<\/p>\n<p><strong>Escola Parque 308 Sul\/Espa\u00e7o Cultural Renato Russo \u2013 <\/strong>Um dos primeiros shows da Legi\u00e3o Urbana aconteceu na Escola Parque 308. O col\u00e9gio fica ao lado do antigo Galp\u00e3ozinho \u2013 hoje Espa\u00e7o Cultural Renato Russo.<\/p>\n<p><strong>Teatro da ABO (916 Sul) \u2013 <\/strong>O espa\u00e7o da Associa\u00e7\u00e3o Brasileira de Odontologia (ABO), na Asa Sul, foi palco de uma s\u00e9rie de shows, o festival \u201cTemporada de Rock\u201d. Foi ali, em 1983, que Dado Villa-Lobos fez sua primeira apresenta\u00e7\u00e3o com a Legi\u00e3o Urbana.<\/p>\n<p><strong>Bras\u00edlia R\u00e1dio Center (701 Norte) \u2013 <\/strong>O local, no Setor de R\u00e1dio e Televis\u00e3o Norte, abrigava o est\u00fadio onde ensaiavam diversas bandas de rock dos anos 1980, entre elas a Legi\u00e3o Urbana e a Plebe Rude. Renato era respons\u00e1vel pelo contrato de aluguel das bandas.<\/p>\n<p><strong>Espa\u00e7o Funarte (Sala C\u00e1ssia Eller) \u2013 <\/strong>O espa\u00e7o no Eixo Monumental, entre a Torre de TV e o Centro de Conven\u00e7\u00f5es Ulysses Guimar\u00e3es, foi palco de shows de bandas como o Aborto El\u00e9trico.<\/p>\n<p><strong>Est\u00e1dio Man\u00e9 Garrincha \u2013 <\/strong>Um dos mais importantes est\u00e1dios de futebol do pa\u00eds, o Man\u00e9 Garrincha entrou para a hist\u00f3ria tamb\u00e9m por um show da Legi\u00e3o Urbana que terminou em confus\u00e3o. Em 18 de junho de 1988, um f\u00e3 invadiu o palco e agarrou Renato no meio de \u201cConex\u00e3o Amaz\u00f4nica\u201d. Bombas estouraram, objetos foram atirados contra a banda, Renato xingou o p\u00fablico e foi xingado, houve quebra-quebra e teve confronto entre plateia e PM. O cantor disse que nunca mais tocaria na capital federal. Em junho de 2013, 25 anos ap\u00f3s o evento, foi organizado o show \u201cRenato Russo Sinf\u00f4nico\u201d, com a participa\u00e7\u00e3o de artistas como Jerry Adriani, Lob\u00e3o, Z\u00e9lia Duncan, a Orquestra Sinf\u00f4nica de Bras\u00edlia, Zizi e Luiza Possi, Hamilton de Holanda, Sandra de S\u00e1, Fernanda Takai e at\u00e9 o ex-baixista da Legi\u00e3o Renato Rocha.<\/p>\n<p><strong>Food\u2019s (110\/111 Sul) \u2013 <\/strong>A lanchonete era um dos lugares mais frequentados pela turma e tamb\u00e9m foi palco de apresenta\u00e7\u00e3o de diversas bandas, entre elas a Legi\u00e3o Urbana. Foi na cal\u00e7ada do Food\u2019s que Renato Russo iniciou na sua fase \u201ctrovador solit\u00e1rio\u201d, abrindo os shows da Plebe Rude.<\/p>\n<p><strong>Ceil\u00e2ndia \u2013 <\/strong>O tal \u201clote 14\u201d n\u00e3o se refere a um local espec\u00edfico e provavelmente foi escolhido pela sonoridade. \u00c9 ali o palco do duelo entre Jo\u00e3o do Santo Cristo e Jeremias, personagens da m\u00fasica Faroeste Caboclo, escrita ainda na fase do Aborto El\u00e9trico e eternizada no \u00e1lbum Que Pa\u00eds \u00c9 Este, de 1987<\/p>\n<p><strong>Sobradinho \u2013 <\/strong>Foi numa ch\u00e1cara na regi\u00e3o que ocorreu o festival Rockonha, em agosto de 1980. A mostra musical ficou conhecida nacionalmente depois da cita\u00e7\u00e3o de Renato na letra da m\u00fasica Faroeste Caboclo.<br \/>\n<strong>Taguatinga \u2013 <\/strong>Tamb\u00e9m citada em Faroeste. \u00c9 onde Jo\u00e3o do Santo Cristo ganhava \u201c100 mil por m\u00eas\u201d. Tamb\u00e9m em Taguatinga, havia o teatro Rolla Pedra, inaugurado com show de Legi\u00e3o, Plebe Rude e Capital Inicial.<\/p>\n<p><strong>Planaltina\/Asa Norte \u2013 <\/strong>Faroeste Caboclo \u00e9 uma m\u00fasica que apresenta o Distrito Federal para quem n\u00e3o vive no Planalto Central. Al\u00e9m de Ceil\u00e2ndia, da Rockonha e de Taguatinga, a m\u00fasica fala dos \u201camigos\u201d que frequentavam a Asa Norte\u201d e de Planaltina, onde Jo\u00e3o do Santo Cristo revendia contrabando vindo da Bol\u00edvia.<\/p>\n","protected":false},"excerpt":{"rendered":"<p>Renato Russo \u00e9 apontado como um dos principais idealizadores da cena do rock de Bras\u00edlia. Ao lado de seus colegas de Legi\u00e3o Urbana e de bandas como Plebe Rude e Capital Inicial, ele foi respons\u00e1vel por colocar o Distrito Federal no mapa da m\u00fasica. Mais do que isso, o artista foi respons\u00e1vel por \u201ccompartilhar o &hellip;<\/p>\n","protected":false},"author":1,"featured_media":881,"comment_status":"closed","ping_status":"closed","sticky":false,"template":"","format":"standard","meta":{"footnotes":""},"categories":[2],"tags":[],"class_list":["post-880","post","type-post","status-publish","format-standard","has-post-thumbnail","","category-cultura"],"_links":{"self":[{"href":"https:\/\/memoriadaculturaesportebsb.com.br\/index.php\/wp-json\/wp\/v2\/posts\/880","targetHints":{"allow":["GET"]}}],"collection":[{"href":"https:\/\/memoriadaculturaesportebsb.com.br\/index.php\/wp-json\/wp\/v2\/posts"}],"about":[{"href":"https:\/\/memoriadaculturaesportebsb.com.br\/index.php\/wp-json\/wp\/v2\/types\/post"}],"author":[{"embeddable":true,"href":"https:\/\/memoriadaculturaesportebsb.com.br\/index.php\/wp-json\/wp\/v2\/users\/1"}],"replies":[{"embeddable":true,"href":"https:\/\/memoriadaculturaesportebsb.com.br\/index.php\/wp-json\/wp\/v2\/comments?post=880"}],"version-history":[{"count":1,"href":"https:\/\/memoriadaculturaesportebsb.com.br\/index.php\/wp-json\/wp\/v2\/posts\/880\/revisions"}],"predecessor-version":[{"id":882,"href":"https:\/\/memoriadaculturaesportebsb.com.br\/index.php\/wp-json\/wp\/v2\/posts\/880\/revisions\/882"}],"wp:featuredmedia":[{"embeddable":true,"href":"https:\/\/memoriadaculturaesportebsb.com.br\/index.php\/wp-json\/wp\/v2\/media\/881"}],"wp:attachment":[{"href":"https:\/\/memoriadaculturaesportebsb.com.br\/index.php\/wp-json\/wp\/v2\/media?parent=880"}],"wp:term":[{"taxonomy":"category","embeddable":true,"href":"https:\/\/memoriadaculturaesportebsb.com.br\/index.php\/wp-json\/wp\/v2\/categories?post=880"},{"taxonomy":"post_tag","embeddable":true,"href":"https:\/\/memoriadaculturaesportebsb.com.br\/index.php\/wp-json\/wp\/v2\/tags?post=880"}],"curies":[{"name":"wp","href":"https:\/\/api.w.org\/{rel}","templated":true}]}}