{"id":877,"date":"2022-05-03T13:35:17","date_gmt":"2022-05-03T16:35:17","guid":{"rendered":"https:\/\/memoriadaculturaesportebsb.com.br\/final\/?p=877"},"modified":"2023-04-27T16:39:11","modified_gmt":"2023-04-27T19:39:11","slug":"plebe-rude-completa-40-anos-de-estrada-e-libera-novo-single-68","status":"publish","type":"post","link":"https:\/\/memoriadaculturaesportebsb.com.br\/index.php\/2022\/05\/03\/plebe-rude-completa-40-anos-de-estrada-e-libera-novo-single-68\/","title":{"rendered":"Plebe Rude completa 40 anos de estrada e libera novo single: \u201c68\u201d"},"content":{"rendered":"<p>A\u00a0<strong>Plebe Rude<\/strong>, uma das bandas mais representativas do nosso Rock Nacional, completa neste 7 de julho 40 anos de sua forma\u00e7\u00e3o. Pra celebrar essa data emblem\u00e1tica, os caras disponibilizaram para as plataformas digitais um novo single que leva o nome de \u201c68\u201d.<\/p>\n<p>Essa \u00e9 a primeira amostra de um novo disco de est\u00fadio da banda,\u00a0<em>Evolu\u00e7\u00e3o vol. 2<\/em>, que teve o seu lan\u00e7amento adiado no ano passado por conta da pandemia, mas ganhar\u00e1 vida at\u00e9 o final deste ano.<\/p>\n<p>Nessa nova m\u00fasica, a\u00a0<strong>Plebe Rude<\/strong>\u00a0mergulha no ano de 1968, conhecido como \u201co ano que acabou entrando para a Hist\u00f3ria\u201d, revivendo a cena pol\u00edtica n\u00e3o s\u00f3 do Brasil como do mundo,\u00a0numa esp\u00e9cie de refor\u00e7o da caracter\u00edstica contestadora que deu in\u00edcio \u00e0 sua jornada art\u00edstica em Bras\u00edlia, numa \u00e9poca em que a censura proibia can\u00e7\u00f5es e vetava sua execu\u00e7\u00e3o p\u00fablica.<\/p>\n<p class=\"\">A\u00a0<strong>Plebe Rude<\/strong>\u00a0\u00e9 formada atualmente por\u00a0<strong>Philippe Seabra<\/strong>\u00a0nos vocais e na guitarra e\u00a0<strong>Marcelo Capucci<\/strong>\u00a0na bateria, que s\u00e3o os membros fundadores, junto de\u00a0<strong>Clemente Nascimento<\/strong>, dos<strong>\u00a0Inocentes<\/strong>, tamb\u00e9m nos vocais e na guitarra, e\u00a0<strong>Andr\u00e9 X<\/strong>\u00a0no baixo.<\/p>\n<p>A banda se reunir\u00e1 hoje \u00e0s 19 horas para um bate-papo com f\u00e3s numa live do Instagram (<a href=\"https:\/\/www.instagram.com\/pleberude\/\" target=\"_blank\" rel=\"noopener noreferrer\">AQUI<\/a>). N\u00e3o perca!<\/p>\n<blockquote class=\"instagram-media\" style=\"background: #FFF; border: 0; border-radius: 3px; box-shadow: 0 0 1px 0 rgba(0,0,0,0.5),0 1px 10px 0 rgba(0,0,0,0.15); margin: 1px; max-width: 540px; min-width: 326px; padding: 0; width: calc(100% - 2px);\" data-instgrm-captioned=\"\" data-instgrm-permalink=\"https:\/\/www.instagram.com\/p\/CRBwA2Ana2f\/?utm_source=ig_embed&amp;utm_campaign=loading\" data-instgrm-version=\"14\">\n<div style=\"padding: 16px;\">\n<p>&nbsp;<\/p>\n<div style=\"display: flex; flex-direction: row; align-items: center;\">\n<div style=\"background-color: #f4f4f4; border-radius: 50%; flex-grow: 0; height: 40px; margin-right: 14px; width: 40px;\"><\/div>\n<div style=\"display: flex; flex-direction: column; flex-grow: 1; justify-content: center;\">\n<div style=\"background-color: #f4f4f4; border-radius: 4px; flex-grow: 0; height: 14px; margin-bottom: 6px; width: 100px;\"><\/div>\n<div style=\"background-color: #f4f4f4; border-radius: 4px; flex-grow: 0; height: 14px; width: 60px;\"><\/div>\n<\/div>\n<\/div>\n<div style=\"padding: 19% 0;\"><\/div>\n<div style=\"display: block; height: 50px; margin: 0 auto 12px; width: 50px;\"><\/div>\n<div style=\"padding-top: 8px;\">\n<div style=\"color: #3897f0; font-family: Arial,sans-serif; font-size: 14px; font-style: normal; font-weight: 550; line-height: 18px;\">Ver essa foto no Instagram<\/div>\n<\/div>\n<div style=\"padding: 12.5% 0;\"><\/div>\n<div style=\"display: flex; flex-direction: row; margin-bottom: 14px; align-items: center;\">\n<div>\n<div style=\"background-color: #f4f4f4; border-radius: 50%; height: 12.5px; width: 12.5px; transform: translateX(0px) translateY(7px);\"><\/div>\n<div style=\"background-color: #f4f4f4; height: 12.5px; transform: rotate(-45deg) translateX(3px) translateY(1px); width: 12.5px; flex-grow: 0; margin-right: 14px; margin-left: 2px;\"><\/div>\n<div style=\"background-color: #f4f4f4; border-radius: 50%; height: 12.5px; width: 12.5px; transform: translateX(9px) translateY(-18px);\"><\/div>\n<\/div>\n<div style=\"margin-left: 8px;\">\n<div style=\"background-color: #f4f4f4; border-radius: 50%; flex-grow: 0; height: 20px; width: 20px;\"><\/div>\n<div style=\"width: 0; height: 0; border-top: 2px solid transparent; border-left: 6px solid #f4f4f4; border-bottom: 2px solid transparent; transform: translateX(16px) translateY(-4px) rotate(30deg);\"><\/div>\n<\/div>\n<div style=\"margin-left: auto;\">\n<div style=\"width: 0px; border-top: 8px solid #F4F4F4; border-right: 8px solid transparent; transform: translateY(16px);\"><\/div>\n<div style=\"background-color: #f4f4f4; flex-grow: 0; height: 12px; width: 16px; transform: translateY(-4px);\"><\/div>\n<div style=\"width: 0; height: 0; border-top: 8px solid #F4F4F4; border-left: 8px solid transparent; transform: translateY(-4px) translateX(8px);\"><\/div>\n<\/div>\n<\/div>\n<div style=\"display: flex; flex-direction: column; flex-grow: 1; justify-content: center; margin-bottom: 24px;\">\n<div style=\"background-color: #f4f4f4; border-radius: 4px; flex-grow: 0; height: 14px; margin-bottom: 6px; width: 224px;\"><\/div>\n<div style=\"background-color: #f4f4f4; border-radius: 4px; flex-grow: 0; height: 14px; width: 144px;\"><\/div>\n<\/div>\n<p>&nbsp;<\/p>\n<p style=\"color: #c9c8cd; font-family: Arial,sans-serif; font-size: 14px; line-height: 17px; margin-bottom: 0; margin-top: 8px; overflow: hidden; padding: 8px 0 7px; text-align: center; text-overflow: ellipsis; white-space: nowrap;\"><a style=\"color: #c9c8cd; font-family: Arial,sans-serif; font-size: 14px; font-style: normal; font-weight: normal; line-height: 17px; text-decoration: none;\" href=\"https:\/\/www.instagram.com\/p\/CRBwA2Ana2f\/?utm_source=ig_embed&amp;utm_campaign=loading\" target=\"_blank\" rel=\"noopener\">Uma publica\u00e7\u00e3o compartilhada por Plebe Rude (@pleberude)<\/a><\/p>\n<\/div>\n<\/blockquote>\n<p><script async=\"\" src=\"\/\/www.instagram.com\/embed.js\"><\/script><\/p>\n","protected":false},"excerpt":{"rendered":"<p>A\u00a0Plebe Rude, uma das bandas mais representativas do nosso Rock Nacional, completa neste 7 de julho 40 anos de sua forma\u00e7\u00e3o. Pra celebrar essa data emblem\u00e1tica, os caras disponibilizaram para as plataformas digitais um novo single que leva o nome de \u201c68\u201d. Essa \u00e9 a primeira amostra de um novo disco de est\u00fadio da banda,\u00a0Evolu\u00e7\u00e3o &hellip;<\/p>\n","protected":false},"author":1,"featured_media":878,"comment_status":"closed","ping_status":"closed","sticky":false,"template":"","format":"standard","meta":{"footnotes":""},"categories":[2],"tags":[],"class_list":["post-877","post","type-post","status-publish","format-standard","has-post-thumbnail","","category-cultura"],"_links":{"self":[{"href":"https:\/\/memoriadaculturaesportebsb.com.br\/index.php\/wp-json\/wp\/v2\/posts\/877","targetHints":{"allow":["GET"]}}],"collection":[{"href":"https:\/\/memoriadaculturaesportebsb.com.br\/index.php\/wp-json\/wp\/v2\/posts"}],"about":[{"href":"https:\/\/memoriadaculturaesportebsb.com.br\/index.php\/wp-json\/wp\/v2\/types\/post"}],"author":[{"embeddable":true,"href":"https:\/\/memoriadaculturaesportebsb.com.br\/index.php\/wp-json\/wp\/v2\/users\/1"}],"replies":[{"embeddable":true,"href":"https:\/\/memoriadaculturaesportebsb.com.br\/index.php\/wp-json\/wp\/v2\/comments?post=877"}],"version-history":[{"count":2,"href":"https:\/\/memoriadaculturaesportebsb.com.br\/index.php\/wp-json\/wp\/v2\/posts\/877\/revisions"}],"predecessor-version":[{"id":1885,"href":"https:\/\/memoriadaculturaesportebsb.com.br\/index.php\/wp-json\/wp\/v2\/posts\/877\/revisions\/1885"}],"wp:featuredmedia":[{"embeddable":true,"href":"https:\/\/memoriadaculturaesportebsb.com.br\/index.php\/wp-json\/wp\/v2\/media\/878"}],"wp:attachment":[{"href":"https:\/\/memoriadaculturaesportebsb.com.br\/index.php\/wp-json\/wp\/v2\/media?parent=877"}],"wp:term":[{"taxonomy":"category","embeddable":true,"href":"https:\/\/memoriadaculturaesportebsb.com.br\/index.php\/wp-json\/wp\/v2\/categories?post=877"},{"taxonomy":"post_tag","embeddable":true,"href":"https:\/\/memoriadaculturaesportebsb.com.br\/index.php\/wp-json\/wp\/v2\/tags?post=877"}],"curies":[{"name":"wp","href":"https:\/\/api.w.org\/{rel}","templated":true}]}}