{"id":873,"date":"2022-05-03T13:32:59","date_gmt":"2022-05-03T16:32:59","guid":{"rendered":"https:\/\/memoriadaculturaesportebsb.com.br\/final\/?p=873"},"modified":"2025-07-21T10:59:36","modified_gmt":"2025-07-21T13:59:36","slug":"concerto-cabecas-comemora-40-anos-da-primeira-edicao-no-parque-da-cidade","status":"publish","type":"post","link":"https:\/\/memoriadaculturaesportebsb.com.br\/index.php\/2022\/05\/03\/concerto-cabecas-comemora-40-anos-da-primeira-edicao-no-parque-da-cidade\/","title":{"rendered":"Concerto Cabe\u00e7as"},"content":{"rendered":"<p>Por Irlam Rocha Lima\/Correio Braziliense<\/p>\n<p>A ocupa\u00e7\u00e3o de espa\u00e7os p\u00fablicos da capital com eventos art\u00edsticos, que vem ocorrendo frequentemente nos \u00faltimos tempos, tem um precursor: o Concerto Cabe\u00e7as. Realizado inicialmente, entre o 1978 e 1979, no gramado da SQS 311, o projeto passou a ter como palco em 1980 a Rampa Ac\u00fastica do Parque da Cidade, onde se manteve por 11 anos. Pela sua import\u00e2ncia, esse evento se tornou refer\u00eancia cultural para o brasiliense, que agora o mant\u00e9m na mem\u00f3ria afetiva.<\/p>\n<p>Isso foi refor\u00e7ado em 18 de setembro de 2010, com o Encontro Cabe\u00e7as, na Pra\u00e7a das Fontes do Parque da Cidade, do qual foram reunidos alguns dos artistas que contribu\u00edram para perpetuar essa hist\u00f3ria e celebrar a realiza\u00e7\u00e3o, uma d\u00e9cada depois. O principal respons\u00e1vel, por\u00e9m, foi Neio L\u00facio, idealizador, produtor e apresentador de todas as edi\u00e7\u00f5es do concerto. Ao falar sobre sua \u201cinven\u00e7\u00e3o\u201d, ele disse: \u201cO Cabe\u00e7as trouxe o esp\u00edrito de ocupa\u00e7\u00e3o de espa\u00e7o, com o que a gente tem de melhor dentro dessa urbis. Ningu\u00e9m melhor do que os artistas para descrever, viver, cantar e encantar a cidade\u201d.<\/p>\n<p><img loading=\"lazy\" decoding=\"async\" class=\"alignright wp-image-875 size-medium\" src=\"https:\/\/memoriadaculturaesportebsb.com.br\/wp-content\/uploads\/2023\/01\/Cabecas_02-209x300.webp\" alt=\"\" width=\"209\" height=\"300\" srcset=\"https:\/\/memoriadaculturaesportebsb.com.br\/wp-content\/uploads\/2023\/01\/Cabecas_02-209x300.webp 209w, https:\/\/memoriadaculturaesportebsb.com.br\/wp-content\/uploads\/2023\/01\/Cabecas_02-712x1024.webp 712w, https:\/\/memoriadaculturaesportebsb.com.br\/wp-content\/uploads\/2023\/01\/Cabecas_02-768x1105.webp 768w, https:\/\/memoriadaculturaesportebsb.com.br\/wp-content\/uploads\/2023\/01\/Cabecas_02.webp 800w\" sizes=\"auto, (max-width: 209px) 100vw, 209px\" \/><\/p>\n<p>O Cabe\u00e7as, que foi plataforma de lan\u00e7amento de cantores e compositores, como Oswaldo Montenegro, Renato Mattos, Eduardo Rangel, e os grupos Liga Tripa, Mel da Terra e Pessoal do Beijo, al\u00e9m, obviamente, de C\u00e1ssia Eller; abriu espa\u00e7o tamb\u00e9m para representantes de outras manifesta\u00e7\u00f5es art\u00edsticas, como os poetas Nicolas Behr, Paulo Tovar, Luiz Turiba, S\u00f3ter, Lu\u00eds Martins; os atores Ary Pararraios, Alu\u00edsio Batata, o Grupo Pitu (dirigido por Hugo Rodas), a trupe do Udigrudi, os artistas pl\u00e1stico Wagner Hermuche e Eurico Rocha e o cineasta Pedro An\u00edsio.<\/p>\n<p class=\"texto\">\u201cEst\u00e1vamos todos come\u00e7ando quando surgiu o Concerto Cabe\u00e7as, que se transformou numa oportunidade para a gente cantar, tocar e levar nosso trabalho ao p\u00fablico\u201d, lembra Oswaldo Montenegro. \u201cO Cabe\u00e7as era tamb\u00e9m um ponto de encontro do brasiliense que ia ali para socializar. Viv\u00edamos o final da era hippie e a palavra que regia aquele encontro era a liberdade. At\u00e9 hoje, com mais de 50 anos de carreira, vivo procurando a sensa\u00e7\u00e3o que aquelas tardes me proporcionaram\u201d, acrescenta.<\/p>\n<p class=\"texto\">Um dos poetas de maior destaque em Bras\u00edlia, com obra reconhecida em outras regi\u00f5es do pa\u00eds, Nicolas Beher, que fez parte da a Gera\u00e7\u00e3o Mime\u00f3grafo, chama a aten\u00e7\u00e3o para os saraus que ocorriam dentro da programa\u00e7\u00e3o do Cabe\u00e7as. \u201cTanto eu como, Turiba, S\u00f3ter, Paulo Tovar, Martins e Chacal t\u00ednhamos espa\u00e7o para mostrar nossos poemas. \u00c0 \u00e9poca, eu j\u00e1 havia lan\u00e7ado os livros\u00a0<em>Iogurte com farinha<\/em>,\u00a0<em>Grande Circular<\/em>\u00a0e\u00a0<em>Ch\u00e1 com porrada.<\/em>\u00a0Era um momento de celebra\u00e7\u00e3o coletiva, uma coisa hedonista e vibrante\u201d, ressalta.<\/p>\n<p class=\"texto\">Neio L\u00facio tinha um projeto mais ambicioso, em rela\u00e7\u00e3o ao Cabe\u00e7as. Ele sonhava com a cria\u00e7\u00e3o de uma esp\u00e9cie de museu virtual, para preservar a mem\u00f3ria cultural daquela gera\u00e7\u00e3o, que acabou n\u00e3o se materializando. Esse projeto, agora vem sendo levado adiante por Moacir Macedo, mineiro de Montes Claros e morador da capital desde 1965. Com o apoio do Fundo de Apoio \u00e0 Cultura (FAC), o documentarista e produtor cultural est\u00e1 empenhado na realiza\u00e7\u00e3o de um document\u00e1rio intitulado\u00a0<em>Concerto Cabe\u00e7as \u2014 Mem\u00f3ria Afetiva da Cultura Brasiliense<\/em>.<\/p>\n<p class=\"texto\">\u201cDesde 2018, estou colhendo depoimentos de m\u00fasicos, poetas, atores, diretores, grupos de teatro, fot\u00f3grafos e cineastas para o document\u00e1rio. Trabalho tamb\u00e9m na cria\u00e7\u00e3o de um aplicativo multim\u00eddia, que apresentar\u00e1 o invent\u00e1rio do registro fotogr\u00e1fico do Concerto Cabe\u00e7as, performances dos artistas, cartazes, mat\u00e9rias e recortes de jornais, com o registro daquelas animadas tardes de domingo, na 311\/312 Sul e na Rampa Ac\u00fastica do Parque da Cidade\u201d, completa.<\/p>\n<p>Confira o texto original publicado no jornal <a href=\"https:\/\/www.correiobraziliense.com.br\/diversao-e-arte\/2020\/11\/4891762-concerto-cabecas-comemora-40-anos-da-primeira-edicao-no-parque-da-cidade.html\">Correio Braziliense<\/a>.<\/p>\n","protected":false},"excerpt":{"rendered":"<p>Por Irlam Rocha Lima\/Correio Braziliense A ocupa\u00e7\u00e3o de espa\u00e7os p\u00fablicos da capital com eventos art\u00edsticos, que vem ocorrendo frequentemente nos \u00faltimos tempos, tem um precursor: o Concerto Cabe\u00e7as. Realizado inicialmente, entre o 1978 e 1979, no gramado da SQS 311, o projeto passou a ter como palco em 1980 a Rampa Ac\u00fastica do Parque da &hellip;<\/p>\n","protected":false},"author":1,"featured_media":874,"comment_status":"closed","ping_status":"closed","sticky":false,"template":"","format":"standard","meta":{"footnotes":""},"categories":[2],"tags":[],"class_list":["post-873","post","type-post","status-publish","format-standard","has-post-thumbnail","","category-cultura"],"_links":{"self":[{"href":"https:\/\/memoriadaculturaesportebsb.com.br\/index.php\/wp-json\/wp\/v2\/posts\/873","targetHints":{"allow":["GET"]}}],"collection":[{"href":"https:\/\/memoriadaculturaesportebsb.com.br\/index.php\/wp-json\/wp\/v2\/posts"}],"about":[{"href":"https:\/\/memoriadaculturaesportebsb.com.br\/index.php\/wp-json\/wp\/v2\/types\/post"}],"author":[{"embeddable":true,"href":"https:\/\/memoriadaculturaesportebsb.com.br\/index.php\/wp-json\/wp\/v2\/users\/1"}],"replies":[{"embeddable":true,"href":"https:\/\/memoriadaculturaesportebsb.com.br\/index.php\/wp-json\/wp\/v2\/comments?post=873"}],"version-history":[{"count":8,"href":"https:\/\/memoriadaculturaesportebsb.com.br\/index.php\/wp-json\/wp\/v2\/posts\/873\/revisions"}],"predecessor-version":[{"id":3261,"href":"https:\/\/memoriadaculturaesportebsb.com.br\/index.php\/wp-json\/wp\/v2\/posts\/873\/revisions\/3261"}],"wp:featuredmedia":[{"embeddable":true,"href":"https:\/\/memoriadaculturaesportebsb.com.br\/index.php\/wp-json\/wp\/v2\/media\/874"}],"wp:attachment":[{"href":"https:\/\/memoriadaculturaesportebsb.com.br\/index.php\/wp-json\/wp\/v2\/media?parent=873"}],"wp:term":[{"taxonomy":"category","embeddable":true,"href":"https:\/\/memoriadaculturaesportebsb.com.br\/index.php\/wp-json\/wp\/v2\/categories?post=873"},{"taxonomy":"post_tag","embeddable":true,"href":"https:\/\/memoriadaculturaesportebsb.com.br\/index.php\/wp-json\/wp\/v2\/tags?post=873"}],"curies":[{"name":"wp","href":"https:\/\/api.w.org\/{rel}","templated":true}]}}