{"id":864,"date":"2022-11-28T13:22:18","date_gmt":"2022-11-28T16:22:18","guid":{"rendered":"https:\/\/memoriadaculturaesportebsb.com.br\/final\/?p=864"},"modified":"2023-02-06T10:51:06","modified_gmt":"2023-02-06T13:51:06","slug":"as-historias-do-helio-as-visitas-do-ex-governador","status":"publish","type":"post","link":"https:\/\/memoriadaculturaesportebsb.com.br\/index.php\/2022\/11\/28\/as-historias-do-helio-as-visitas-do-ex-governador\/","title":{"rendered":"As hist\u00f3rias do Helio \u2013 As visitas do ex-governador"},"content":{"rendered":"<p>Jos\u00e9 Aparecido de Oliveira, que foi governador do Distrito Federal de 1985 a 1988, sempre foi um pol\u00edtico com fortes liga\u00e7\u00f5es com a Cultura. Em seu governo, al\u00e9m do registro de Bras\u00edlia como Patrim\u00f4nio Cultural da Humanidade, pela Unesco, foram constru\u00eddos v\u00e1rios equipamentos culturais, como a Casa do Cantador, o Gran Circo Lar, o Pont\u00e3o do Lago Sul, entre outros. Aparecido, que foi tamb\u00e9m Ministro da Cultura, trazia constantemente a Bras\u00edlia intelectuais e artistas, como Oscar Niemeyer, Ziraldo, entre outros.<\/p>\n<p>O governador Aparecido gostava de ressaltar o trabalho da ARUC na \u00e1rea cultural, esportiva e carnavalesca, e visitava nossa entidade com frequ\u00eancia. Em algumas de suas visitas, ele aparecia acompanhado de grandes intelectuais de nosso pa\u00eds, como mostra a foto.<\/p>\n<p>Na foto: Cl\u00e1udio Moreno, Helio Tremendani, Pompeu de Sousa, Niemeyer, Gov. Z\u00e9 Aparecido, Ziraldo; Atr\u00e1s: Wilson Tadeu, Sr. Fel\u00edcio, Murilo Silva, Ivan Machado, Landim e Batista do frevo.<\/p>\n<p>Visita \u00e0 ARUC promovida pelo governador Jos\u00e9 Aparecido, em 1985.<\/p>\n","protected":false},"excerpt":{"rendered":"<p>Jos\u00e9 Aparecido de Oliveira, que foi governador do Distrito Federal de 1985 a 1988, sempre foi um pol\u00edtico com fortes liga\u00e7\u00f5es com a Cultura. Em seu governo, al\u00e9m do registro de Bras\u00edlia como Patrim\u00f4nio Cultural da Humanidade, pela Unesco, foram constru\u00eddos v\u00e1rios equipamentos culturais, como a Casa do Cantador, o Gran Circo Lar, o Pont\u00e3o &hellip;<\/p>\n","protected":false},"author":1,"featured_media":865,"comment_status":"closed","ping_status":"closed","sticky":false,"template":"","format":"standard","meta":{"footnotes":""},"categories":[13,2,16],"tags":[],"class_list":["post-864","post","type-post","status-publish","format-standard","has-post-thumbnail","","category-colunistas","category-cultura","category-helio-tremendani"],"_links":{"self":[{"href":"https:\/\/memoriadaculturaesportebsb.com.br\/index.php\/wp-json\/wp\/v2\/posts\/864","targetHints":{"allow":["GET"]}}],"collection":[{"href":"https:\/\/memoriadaculturaesportebsb.com.br\/index.php\/wp-json\/wp\/v2\/posts"}],"about":[{"href":"https:\/\/memoriadaculturaesportebsb.com.br\/index.php\/wp-json\/wp\/v2\/types\/post"}],"author":[{"embeddable":true,"href":"https:\/\/memoriadaculturaesportebsb.com.br\/index.php\/wp-json\/wp\/v2\/users\/1"}],"replies":[{"embeddable":true,"href":"https:\/\/memoriadaculturaesportebsb.com.br\/index.php\/wp-json\/wp\/v2\/comments?post=864"}],"version-history":[{"count":1,"href":"https:\/\/memoriadaculturaesportebsb.com.br\/index.php\/wp-json\/wp\/v2\/posts\/864\/revisions"}],"predecessor-version":[{"id":866,"href":"https:\/\/memoriadaculturaesportebsb.com.br\/index.php\/wp-json\/wp\/v2\/posts\/864\/revisions\/866"}],"wp:featuredmedia":[{"embeddable":true,"href":"https:\/\/memoriadaculturaesportebsb.com.br\/index.php\/wp-json\/wp\/v2\/media\/865"}],"wp:attachment":[{"href":"https:\/\/memoriadaculturaesportebsb.com.br\/index.php\/wp-json\/wp\/v2\/media?parent=864"}],"wp:term":[{"taxonomy":"category","embeddable":true,"href":"https:\/\/memoriadaculturaesportebsb.com.br\/index.php\/wp-json\/wp\/v2\/categories?post=864"},{"taxonomy":"post_tag","embeddable":true,"href":"https:\/\/memoriadaculturaesportebsb.com.br\/index.php\/wp-json\/wp\/v2\/tags?post=864"}],"curies":[{"name":"wp","href":"https:\/\/api.w.org\/{rel}","templated":true}]}}