{"id":858,"date":"2022-12-01T10:41:11","date_gmt":"2022-12-01T13:41:11","guid":{"rendered":"https:\/\/memoriadaculturaesportebsb.com.br\/final\/?p=858"},"modified":"2023-02-06T10:50:51","modified_gmt":"2023-02-06T13:50:51","slug":"pacotao-um-exercicio-de-prazer-e-resistencia","status":"publish","type":"post","link":"https:\/\/memoriadaculturaesportebsb.com.br\/index.php\/2022\/12\/01\/pacotao-um-exercicio-de-prazer-e-resistencia\/","title":{"rendered":"Pacot\u00e3o: um exerc\u00edcio de prazer e resist\u00eancia"},"content":{"rendered":"<p>Numa manh\u00e3 qualquer do ver\u00e3o de 1978, quando os ventos da distens\u00e3o pol\u00edtica lenta, gradual e segura do general Ernesto Geisel come\u00e7avam a soprar, um grupo de jornalistas bebericavam no Clube da Imprensa e tiveram a ideia de fundar um bloco de Carnaval. Dias depois, noutra conversa no Chor\u00e3o, a ideia ganhou forma e surgia a Sociedade Armorial Patafisica Rusticana O Pacot\u00e3o.<\/p>\n<p><img loading=\"lazy\" decoding=\"async\" class=\"alignleft size-full wp-image-859\" src=\"https:\/\/memoriadaculturaesportebsb.com.br\/wp-content\/uploads\/2023\/01\/Pacotao_01.jpeg\" alt=\"\" width=\"198\" height=\"300\">O Armorial, sugerido por Carl\u00e3o, vinha dos tradicionais blocos de frevo do Recife, especialmente do Siri na Lata, tamb\u00e9m criado por jornalistas. O Pataf\u00edsica, apresentado por Cl\u00e1udio Lysias, vinha da ci\u00eancia das solu\u00e7\u00f5es imagin\u00e1rias, criada pelo dramaturgo franc\u00eas Alfred Jarry. E o Rusticana, sugerida por Alexandre Lob\u00e3o, era uma men\u00e7\u00e3o \u00e0 Cavalaria Rusticana e uma \u201chomenagem\u201d ao general Figueiredo, que era da Cavalaria, j\u00e1 escolhido como sucessor de Geisel. Como s\u00edmbolo do bloco foi escolhida uma tartaruga b\u00eabada, para representar a abertura lenta, gradual e segura dos generais de plant\u00e3o.<\/p>\n<p>O bloco foi criado para resgatar os antigos blocos de sujo e oferecer uma op\u00e7\u00e3o de lazer carnavalesco para os jornalistas, numa \u00e9poca que o Carnaval de rua de Bras\u00edlia ainda engatinhava, restrito apenas \u00e0s escolas de samba, que desfilavam na W-3.<\/p>\n<p>Por sugest\u00e3o do Wilson Miranda, o Brother, foram procurar o saudoso Sabino, presidente da ARUC, para pedir o apoio da escola de samba do Cruzeiro, frequentada por v\u00e1rios jornalistas, para o novo bloco. Sabino topou na hora e a bateria da ARUC participou junto com a Banda do Pacot\u00e3o, do Maestro Celso, do primeiro desfile do Pacot\u00e3o. O cartaz anunciando o desfile dizia: O Pacot\u00e3o e a Unidos do Cruzeiro convidam o povo para adentrar a Avenida.<\/p>\n<p>No primeiro desfile, em 1978, eram n\u00e3o mais do que 100 pessoas, perdidas na imensid\u00e3o da W-3 Norte, desfilando pela contram\u00e3o e cantando o samba Plataforma, de Jo\u00e3o Bosco e Aldir Blanc, que sintetizava o espirito do bloco:<\/p>\n<p><em>\u201cN\u00e3o p\u00f5e corda no meu bloco<\/em><br \/>\n<em>Nem vem com teu carro-chefe<\/em><br \/>\n<em>N\u00e3o d\u00e1 ordem ao pessoal<\/em><br \/>\n<em>N\u00e3o traz lema nem divisa<\/em><br \/>\n<em>Que a gente n\u00e3o precisa<\/em><br \/>\n<em>Que organizem nosso carnaval<\/em><br \/>\n<em>N\u00e3o sou candidato a nada<\/em><br \/>\n<em>Meu neg\u00f3cio \u00e9 madrugada<\/em><br \/>\n<em>Mas meu cora\u00e7\u00e3o n\u00e3o se conforma<\/em><br \/>\n<em>O meu peito \u00e9 do contra<\/em><br \/>\n<em>E por isso mete bronca<\/em><br \/>\n<em>Neste samba plataforma<\/em><br \/>\n<em>Por um bloco<\/em><br \/>\n<em>Que derrube esse coreto<\/em><br \/>\n<em>Por passistas \u00e0 vontade<\/em><br \/>\n<em>Que n\u00e3o dancem o minueto<\/em><br \/>\n<em>Por um bloco<\/em><br \/>\n<em>Sem bandeira ou fingimento<\/em><br \/>\n<em>Que balance e abagunce<\/em><br \/>\n<em>O desfile e o julgamento<\/em><br \/>\n<em>Por um bloco que aumente<\/em><br \/>\n<em>O movimento<\/em><br \/>\n<em>Que sacuda e arrebente<\/em><br \/>\n<em>O cord\u00e3o de isolamento\u201d<\/em><\/p>\n<p>J\u00e1 em 1979 a hist\u00f3ria foi outra. Inspirados na revolu\u00e7\u00e3o iraniana, liderada pelo Aiatol\u00e1 Khomeini, que derrubou a ditadura do X\u00e1 Reza Pahlavi, o Pacot\u00e3o fez uma par\u00f3dia com o Brasil, pedindo ajuda aos aiatol\u00e1s para nos livrar da ditadura.<\/p>\n<p>A Marcha do Aitol\u00e1, composta por Moa e Samuca, dizia:<\/p>\n<p><em>\u201cGeisel, voc\u00ea nos atolou,<\/em><br \/>\n<em>O Figueiredo tamb\u00e9m vai atolar,<\/em><br \/>\n<em>Aiatol\u00e1, Aiatol\u00e1, venha nos salvar,<\/em><br \/>\n<em>Que esse governo j\u00e1 ficou ga g\u00e1<\/em><br \/>\n<em>Ga g\u00e1 g\u00e1 Geisel\u2026..\u201d<\/em><\/p>\n<p>Foi uma explos\u00e3o. A marcha caiu na boca do povo, milhares de pessoas desfilaram com o bloco que, a partir da\u00ed, ganhou as manchetes dos jornais, e virou o cart\u00e3o postal do Carnaval de rua de Bras\u00edlia. At\u00e9 hoje, a Marcha do Aiatol\u00e1 \u00e9 a m\u00fasica mais cantada pelo Pacot\u00e3o e at\u00e9 mesmo por outros blocos.<\/p>\n<p><img loading=\"lazy\" decoding=\"async\" class=\"alignright size-full wp-image-861\" src=\"https:\/\/memoriadaculturaesportebsb.com.br\/wp-content\/uploads\/2023\/01\/Pacotao_03.jpeg\" alt=\"\" width=\"300\" height=\"233\">A partir do Aiatol\u00e1, o Pacot\u00e3o assumiu sua identidade de um bloco com forte s\u00e1tira pol\u00edtica, expressa n\u00e3o s\u00f3 nas marchas, mas tamb\u00e9m nas faixas com frases bem humoradas de cr\u00edtica pol\u00edtica e social, que eram feitas no Clube da Imprensa, e misteriosamente desapareciam durante o desfile do bloco, surrupiadas por agentes do SNI que se disfar\u00e7avam de foli\u00f5es. Al\u00e9m disso, continuou desfilando pela contram\u00e3o da W3 e se recusando a receber qualquer recurso p\u00fablico para desfilar.<\/p>\n<p>O Pacot\u00e3o original sobreviveu at\u00e9 1992, quando seus fundadores cansaram e deixaram de organizar o bloco. Ele existe at\u00e9 hoje, com caracter\u00edsticas completamente diferentes, mas continua sendo uma refer\u00eancia do carnaval de rua de Bras\u00edlia.<\/p>\n","protected":false},"excerpt":{"rendered":"<p>Numa manh\u00e3 qualquer do ver\u00e3o de 1978, quando os ventos da distens\u00e3o pol\u00edtica lenta, gradual e segura do general Ernesto Geisel come\u00e7avam a soprar, um grupo de jornalistas bebericavam no Clube da Imprensa e tiveram a ideia de fundar um bloco de Carnaval. Dias depois, noutra conversa no Chor\u00e3o, a ideia ganhou forma e surgia &hellip;<\/p>\n","protected":false},"author":1,"featured_media":860,"comment_status":"closed","ping_status":"closed","sticky":false,"template":"","format":"standard","meta":{"footnotes":""},"categories":[13,2,17],"tags":[],"class_list":["post-858","post","type-post","status-publish","format-standard","has-post-thumbnail","","category-colunistas","category-cultura","category-moacyr-oliveira-filho"],"_links":{"self":[{"href":"https:\/\/memoriadaculturaesportebsb.com.br\/index.php\/wp-json\/wp\/v2\/posts\/858","targetHints":{"allow":["GET"]}}],"collection":[{"href":"https:\/\/memoriadaculturaesportebsb.com.br\/index.php\/wp-json\/wp\/v2\/posts"}],"about":[{"href":"https:\/\/memoriadaculturaesportebsb.com.br\/index.php\/wp-json\/wp\/v2\/types\/post"}],"author":[{"embeddable":true,"href":"https:\/\/memoriadaculturaesportebsb.com.br\/index.php\/wp-json\/wp\/v2\/users\/1"}],"replies":[{"embeddable":true,"href":"https:\/\/memoriadaculturaesportebsb.com.br\/index.php\/wp-json\/wp\/v2\/comments?post=858"}],"version-history":[{"count":3,"href":"https:\/\/memoriadaculturaesportebsb.com.br\/index.php\/wp-json\/wp\/v2\/posts\/858\/revisions"}],"predecessor-version":[{"id":1115,"href":"https:\/\/memoriadaculturaesportebsb.com.br\/index.php\/wp-json\/wp\/v2\/posts\/858\/revisions\/1115"}],"wp:featuredmedia":[{"embeddable":true,"href":"https:\/\/memoriadaculturaesportebsb.com.br\/index.php\/wp-json\/wp\/v2\/media\/860"}],"wp:attachment":[{"href":"https:\/\/memoriadaculturaesportebsb.com.br\/index.php\/wp-json\/wp\/v2\/media?parent=858"}],"wp:term":[{"taxonomy":"category","embeddable":true,"href":"https:\/\/memoriadaculturaesportebsb.com.br\/index.php\/wp-json\/wp\/v2\/categories?post=858"},{"taxonomy":"post_tag","embeddable":true,"href":"https:\/\/memoriadaculturaesportebsb.com.br\/index.php\/wp-json\/wp\/v2\/tags?post=858"}],"curies":[{"name":"wp","href":"https:\/\/api.w.org\/{rel}","templated":true}]}}