{"id":848,"date":"2022-12-11T10:38:06","date_gmt":"2022-12-11T13:38:06","guid":{"rendered":"https:\/\/memoriadaculturaesportebsb.com.br\/final\/?p=848"},"modified":"2023-02-06T10:50:21","modified_gmt":"2023-02-06T13:50:21","slug":"jorge-ferreira-e-seu-feitico-mineiro","status":"publish","type":"post","link":"https:\/\/memoriadaculturaesportebsb.com.br\/index.php\/2022\/12\/11\/jorge-ferreira-e-seu-feitico-mineiro\/","title":{"rendered":"Jorge Ferreira e seu feiti\u00e7o mineiro"},"content":{"rendered":"<p>O tempo passa, mas a saudade n\u00e3o. J\u00e1 faz 9 anos que Jorge Ferreira nos deixou. De repente. Sem avisar. E pegou todos n\u00f3s de surpresa.<\/p>\n<p>Mineiro de Cruz\u00edlia, professor, sindicalista, agitador cultural, torcedor roxo do Am\u00e9rica de Minas, poeta, contador de \u201ccausos\u201d, apaixonado por m\u00fasica e gastronomia, Jorj\u00e3o, como era conhecido, \u00e9 um peda\u00e7o importante da alma dessa cidade.<\/p>\n<p><img loading=\"lazy\" decoding=\"async\" class=\"size-full wp-image-854 aligncenter\" src=\"https:\/\/memoriadaculturaesportebsb.com.br\/wp-content\/uploads\/2023\/01\/Feitico_02.jpeg\" alt=\"\" width=\"675\" height=\"450\" srcset=\"https:\/\/memoriadaculturaesportebsb.com.br\/wp-content\/uploads\/2023\/01\/Feitico_02.jpeg 675w, https:\/\/memoriadaculturaesportebsb.com.br\/wp-content\/uploads\/2023\/01\/Feitico_02-300x200.jpeg 300w\" sizes=\"auto, (max-width: 675px) 100vw, 675px\" \/>Empres\u00e1rio bem sucedido, participou de 12 bares da cidade, todos eles, \u00e0 sua maneira, lend\u00e1rios. O mais famoso, sem d\u00favida alguma, foi o Feiti\u00e7o Mineiro, que virou uma refer\u00eancia na cena cultural da cidade.<\/p>\n<p>Nos seus 32 anos de exist\u00eancia, no Feiti\u00e7o foram realizados mais de dez mil shows de uma grande constela\u00e7\u00e3o da m\u00fasica brasileira e da fina flor musical da cidade. Pelo seu pequeno charmoso palco, passaram nomes como Beto Guedes, D\u00e9rcio Marques, Xangai, Noca da Portela, Baden Powell, Dona Yvone Lara, Paulinho Pedra Azul, Tereza Cristina, Nelson Sargento, Monarco, Jair do Cavaquinho, Moacyr Luz, Tia Surica, Elton Medeiros, Nan\u00e1 Vasconcelos, Jards Macal\u00e9, Z\u00e9 Mulato e Cassiano e muitos, mas muitos e muitos outros.<\/p>\n<p>Foi no Feiti\u00e7o Mineiro que Baden Powell fez sua \u00faltima apresenta\u00e7\u00e3o em Bras\u00edlia pouco antes de morrer, em 2000. Por aquele palco passaram grandes mestres do samba, praticamente todos os integrantes do Clube da Esquina e nomes de destaque da MPB.<\/p>\n<p><img loading=\"lazy\" decoding=\"async\" class=\"alignleft size-full wp-image-855\" src=\"https:\/\/memoriadaculturaesportebsb.com.br\/wp-content\/uploads\/2023\/01\/Feitico_03.jpeg\" alt=\"\" width=\"300\" height=\"242\"><\/p>\n<p>Foi ali, tamb\u00e9m, que surgiu o projeto Gente do Samba, do qual tive a honra de ser um dos idealizadores, junto com Jorge, com a participa\u00e7\u00e3o de bambas como Monarco, Elton Medeiros, Nelson Sargento, Noca da Portela, Walter Alfaiate, D\u00e9lcio Carvalho, Guiherme de Brito, Almir Guineto, Tia Surica, Jair do Cavaquinho, Nei Lopes, Dona Ivone Lara, Diogo Nogueira, Mart\u00b4n\u00e1lia, Teresa Cristina e os grupos Semente, Casuarina e Sururu na Roda, entre outros.<\/p>\n<p>Al\u00e9m dos shows, o Feiti\u00e7o foi palco de in\u00fameros lan\u00e7amentos de livros e de saraus e pelas suas mesas passaram importantes nomes da cultura brasileira, como Ziraldo. Al\u00e9m de editar v\u00e1rios n\u00fameros da Tira Prosa, uma revista cultural que marcou \u00e9poca na cidade.<\/p>\n<p>Mas o Feiti\u00e7o era tamb\u00e9m um importante polo gastron\u00f4mico, especialmente da culin\u00e1ria mineira, com destaque para a feijoada e para o melhor ovo frito que j\u00e1 comi na vida.<\/p>\n<p>O Feiti\u00e7o conseguiu resistir \u00e0 morte do Jorge Ferreira, a alma do boteco, em 2013. Durou ainda sete bons anos. Em 2020, a pandemia, no entanto, foi devastadora, e o ic\u00f4nico bar da quadra 306 Norte n\u00e3o aguentou e fechou suas portas.<\/p>\n<p>O Feiti\u00e7o manteve-se aberto at\u00e9 19 de mar\u00e7o de 2020, quando, em fun\u00e7\u00e3o da covid-19, interrompeu as atividades. A tentativa de voltar a funcionar, para atendimento no sistema de delivery, entre abril e julho, n\u00e3o obteve o resultado desejado.<\/p>\n<p><img loading=\"lazy\" decoding=\"async\" class=\"aligncenter size-full wp-image-856\" src=\"https:\/\/memoriadaculturaesportebsb.com.br\/wp-content\/uploads\/2023\/01\/Feitico_04.jpeg\" alt=\"\" width=\"720\" height=\"482\" srcset=\"https:\/\/memoriadaculturaesportebsb.com.br\/wp-content\/uploads\/2023\/01\/Feitico_04.jpeg 720w, https:\/\/memoriadaculturaesportebsb.com.br\/wp-content\/uploads\/2023\/01\/Feitico_04-300x201.jpeg 300w, https:\/\/memoriadaculturaesportebsb.com.br\/wp-content\/uploads\/2023\/01\/Feitico_04-110x75.jpeg 110w\" sizes=\"auto, (max-width: 720px) 100vw, 720px\" \/><\/p>\n<p>Meses depois, no entanto, Jerson Alvin, que durante muitos anos foi produtor musical do Feiti\u00e7o, reabriu as portas, com o nome de Feiti\u00e7o das Artes, mantendo viva um peda\u00e7o daquele espa\u00e7o sagrado da cultura brasiliense.<\/p>\n<p>&nbsp;<\/p>\n","protected":false},"excerpt":{"rendered":"<p>O tempo passa, mas a saudade n\u00e3o. J\u00e1 faz 9 anos que Jorge Ferreira nos deixou. De repente. Sem avisar. E pegou todos n\u00f3s de surpresa. Mineiro de Cruz\u00edlia, professor, sindicalista, agitador cultural, torcedor roxo do Am\u00e9rica de Minas, poeta, contador de \u201ccausos\u201d, apaixonado por m\u00fasica e gastronomia, Jorj\u00e3o, como era conhecido, \u00e9 um peda\u00e7o &hellip;<\/p>\n","protected":false},"author":1,"featured_media":853,"comment_status":"closed","ping_status":"closed","sticky":false,"template":"","format":"standard","meta":{"footnotes":""},"categories":[13,2,17],"tags":[],"class_list":["post-848","post","type-post","status-publish","format-standard","has-post-thumbnail","","category-colunistas","category-cultura","category-moacyr-oliveira-filho"],"_links":{"self":[{"href":"https:\/\/memoriadaculturaesportebsb.com.br\/index.php\/wp-json\/wp\/v2\/posts\/848","targetHints":{"allow":["GET"]}}],"collection":[{"href":"https:\/\/memoriadaculturaesportebsb.com.br\/index.php\/wp-json\/wp\/v2\/posts"}],"about":[{"href":"https:\/\/memoriadaculturaesportebsb.com.br\/index.php\/wp-json\/wp\/v2\/types\/post"}],"author":[{"embeddable":true,"href":"https:\/\/memoriadaculturaesportebsb.com.br\/index.php\/wp-json\/wp\/v2\/users\/1"}],"replies":[{"embeddable":true,"href":"https:\/\/memoriadaculturaesportebsb.com.br\/index.php\/wp-json\/wp\/v2\/comments?post=848"}],"version-history":[{"count":5,"href":"https:\/\/memoriadaculturaesportebsb.com.br\/index.php\/wp-json\/wp\/v2\/posts\/848\/revisions"}],"predecessor-version":[{"id":1114,"href":"https:\/\/memoriadaculturaesportebsb.com.br\/index.php\/wp-json\/wp\/v2\/posts\/848\/revisions\/1114"}],"wp:featuredmedia":[{"embeddable":true,"href":"https:\/\/memoriadaculturaesportebsb.com.br\/index.php\/wp-json\/wp\/v2\/media\/853"}],"wp:attachment":[{"href":"https:\/\/memoriadaculturaesportebsb.com.br\/index.php\/wp-json\/wp\/v2\/media?parent=848"}],"wp:term":[{"taxonomy":"category","embeddable":true,"href":"https:\/\/memoriadaculturaesportebsb.com.br\/index.php\/wp-json\/wp\/v2\/categories?post=848"},{"taxonomy":"post_tag","embeddable":true,"href":"https:\/\/memoriadaculturaesportebsb.com.br\/index.php\/wp-json\/wp\/v2\/tags?post=848"}],"curies":[{"name":"wp","href":"https:\/\/api.w.org\/{rel}","templated":true}]}}