{"id":845,"date":"2022-12-11T10:33:02","date_gmt":"2022-12-11T13:33:02","guid":{"rendered":"https:\/\/memoriadaculturaesportebsb.com.br\/final\/?p=845"},"modified":"2023-03-22T16:26:56","modified_gmt":"2023-03-22T19:26:56","slug":"as-historias-do-helio-manoel-frederico-soares-o-brigadeiro","status":"publish","type":"post","link":"https:\/\/memoriadaculturaesportebsb.com.br\/index.php\/2022\/12\/11\/as-historias-do-helio-manoel-frederico-soares-o-brigadeiro\/","title":{"rendered":"As hist\u00f3rias do Helio \u2013 Manoel Frederico Soares, o Brigadeiro"},"content":{"rendered":"<p>Em 1974 , a Aruc viveu a maior crise da sua hist\u00f3ria com a desclassifica\u00e7\u00e3o do desfile das escolas de samba por falta do n\u00famero m\u00ednimo de componentes. No mesmo ano, Sabino assume a Presid\u00eancia, com proposta de ampla renova\u00e7\u00e3o na diretoria da entidade. Entre os novos componentes, surge Manoel Frederico Soares, o Brigadeiro, sambista carioca, portelense, rec\u00e9m transferido para Bras\u00edlia e famoso por ser autor do samba \u201cTem Bobo pra Tudo\u201d, sucesso imortalizado pelo cantor Alcides Gerardi.<\/p>\n<p>Inicialmente, Brigadeiro entrou para Ala de Compositores da Aruc e com a sua simpatia e educa\u00e7\u00e3o foi conquistando todos, n\u00e3o s\u00f3 na azul e branco do Cruzeiro, como em todo o DF. Foi Presidente da Associa\u00e7\u00e3o das Escolas de Samba e defendeu a constru\u00e7\u00e3o do Sambrasilia, no Parque da Cidade, local para os desfiles das entidades carnavalescas, projetado por Oscar Niemeyer.<\/p>\n<p>Mesmo morando na 410 Norte, reduto da maior rival da Unidos do Cruzeiro, Brigadeiro jamais pensou em mudar de escola. Na quadra tinha um bar com um espa\u00e7o chamado \u201cCantinho do Brigadeiro\u201d, local onde se reunia para tomar sua cerveja diariamente.<\/p>\n<p>Sempre desfilou na ARUC e foi eleito Embaixador do Samba de Bras\u00edlia. Ele deixou um grande legado para os sambistas brasilienses que foi a corre\u00e7\u00e3o com que tratava a administra\u00e7\u00e3o da entidade que comandava o carnaval, al\u00e9m da educa\u00e7\u00e3o que tratava todos.<\/p>\n","protected":false},"excerpt":{"rendered":"<p>Em 1974 , a Aruc viveu a maior crise da sua hist\u00f3ria com a desclassifica\u00e7\u00e3o do desfile das escolas de samba por falta do n\u00famero m\u00ednimo de componentes. No mesmo ano, Sabino assume a Presid\u00eancia, com proposta de ampla renova\u00e7\u00e3o na diretoria da entidade. Entre os novos componentes, surge Manoel Frederico Soares, o Brigadeiro, sambista &hellip;<\/p>\n","protected":false},"author":1,"featured_media":1793,"comment_status":"closed","ping_status":"closed","sticky":false,"template":"","format":"standard","meta":{"footnotes":""},"categories":[13,2,16],"tags":[],"class_list":["post-845","post","type-post","status-publish","format-standard","has-post-thumbnail","","category-colunistas","category-cultura","category-helio-tremendani"],"_links":{"self":[{"href":"https:\/\/memoriadaculturaesportebsb.com.br\/index.php\/wp-json\/wp\/v2\/posts\/845","targetHints":{"allow":["GET"]}}],"collection":[{"href":"https:\/\/memoriadaculturaesportebsb.com.br\/index.php\/wp-json\/wp\/v2\/posts"}],"about":[{"href":"https:\/\/memoriadaculturaesportebsb.com.br\/index.php\/wp-json\/wp\/v2\/types\/post"}],"author":[{"embeddable":true,"href":"https:\/\/memoriadaculturaesportebsb.com.br\/index.php\/wp-json\/wp\/v2\/users\/1"}],"replies":[{"embeddable":true,"href":"https:\/\/memoriadaculturaesportebsb.com.br\/index.php\/wp-json\/wp\/v2\/comments?post=845"}],"version-history":[{"count":1,"href":"https:\/\/memoriadaculturaesportebsb.com.br\/index.php\/wp-json\/wp\/v2\/posts\/845\/revisions"}],"predecessor-version":[{"id":847,"href":"https:\/\/memoriadaculturaesportebsb.com.br\/index.php\/wp-json\/wp\/v2\/posts\/845\/revisions\/847"}],"wp:featuredmedia":[{"embeddable":true,"href":"https:\/\/memoriadaculturaesportebsb.com.br\/index.php\/wp-json\/wp\/v2\/media\/1793"}],"wp:attachment":[{"href":"https:\/\/memoriadaculturaesportebsb.com.br\/index.php\/wp-json\/wp\/v2\/media?parent=845"}],"wp:term":[{"taxonomy":"category","embeddable":true,"href":"https:\/\/memoriadaculturaesportebsb.com.br\/index.php\/wp-json\/wp\/v2\/categories?post=845"},{"taxonomy":"post_tag","embeddable":true,"href":"https:\/\/memoriadaculturaesportebsb.com.br\/index.php\/wp-json\/wp\/v2\/tags?post=845"}],"curies":[{"name":"wp","href":"https:\/\/api.w.org\/{rel}","templated":true}]}}