{"id":833,"date":"2022-10-06T10:06:32","date_gmt":"2022-10-06T13:06:32","guid":{"rendered":"https:\/\/memoriadaculturaesportebsb.com.br\/final\/?p=833"},"modified":"2023-02-06T10:49:08","modified_gmt":"2023-02-06T13:49:08","slug":"as-historias-do-helio-tremendani-esporte","status":"publish","type":"post","link":"https:\/\/memoriadaculturaesportebsb.com.br\/index.php\/2022\/10\/06\/as-historias-do-helio-tremendani-esporte\/","title":{"rendered":"As hist\u00f3rias do Helio Tremendani \u2013 Esporte"},"content":{"rendered":"<p>Essa foto, do incr\u00edvel fot\u00f3grafo Orlando Brito, traz a lembran\u00e7a de um momento muito especial. J\u00e1 contei antes que acompanhei a carreira de jogador de futebol do meu irm\u00e3o Moacyr Tremendani, o popular Mel\u00e3o, desde o in\u00edcio. Naquela \u00e9poca, a condi\u00e7\u00e3o para que ele me levasse aos jogos era que eu ficasse pr\u00f3ximo das cabines de transmiss\u00e3o das r\u00e1dios para prestar aten\u00e7\u00e3o \u00e0 narra\u00e7\u00e3o dos jogos.<\/p>\n<p>Pois o registro de Brito mostra exatamente uma dessas cabines, ao fundo. Aos 14 anos, eu ia aos jogos e prestava muita aten\u00e7\u00e3o no coment\u00e1rio dos narradores, pois essa era minha miss\u00e3o: ao chegarmos em casa, eu tinha que contar ao meu irm\u00e3o o que acharam de sua atua\u00e7\u00e3o e, em especial, se continuavam comparando o estilo de jogo dele ao do zagueiro Pav\u00e3o, que atuou no Flamengo e Santos.<\/p>\n<p>A foto me levou de volta \u00e0quele per\u00edodo, onde tamb\u00e9m come\u00e7ava a ser escrita a hist\u00f3ria do futebol em Bras\u00edlia.<\/p>\n<p>Meu irm\u00e3o, Mel\u00e3o, chegou a treinar no Fluminense quando ainda mor\u00e1vamos no Rio de Janeiro. Assim que meu pai foi transferido para Bras\u00edlia, ele foi convidado para jogar na A.E. Cruzeiro do Sul e em 1963 foi campe\u00e3o do DF. No ano seguinte foi para o Rabelo onde tamb\u00e9m conquistou o t\u00edtulo de campe\u00e3o e participou de todas as sele\u00e7\u00f5es de Bras\u00edlia enquanto jogou.<\/p>\n","protected":false},"excerpt":{"rendered":"<p>Essa foto, do incr\u00edvel fot\u00f3grafo Orlando Brito, traz a lembran\u00e7a de um momento muito especial. J\u00e1 contei antes que acompanhei a carreira de jogador de futebol do meu irm\u00e3o Moacyr Tremendani, o popular Mel\u00e3o, desde o in\u00edcio. Naquela \u00e9poca, a condi\u00e7\u00e3o para que ele me levasse aos jogos era que eu ficasse pr\u00f3ximo das cabines &hellip;<\/p>\n","protected":false},"author":1,"featured_media":834,"comment_status":"closed","ping_status":"closed","sticky":false,"template":"","format":"standard","meta":{"footnotes":""},"categories":[13,4,16],"tags":[],"class_list":["post-833","post","type-post","status-publish","format-standard","has-post-thumbnail","","category-colunistas","category-esporte","category-helio-tremendani"],"_links":{"self":[{"href":"https:\/\/memoriadaculturaesportebsb.com.br\/index.php\/wp-json\/wp\/v2\/posts\/833","targetHints":{"allow":["GET"]}}],"collection":[{"href":"https:\/\/memoriadaculturaesportebsb.com.br\/index.php\/wp-json\/wp\/v2\/posts"}],"about":[{"href":"https:\/\/memoriadaculturaesportebsb.com.br\/index.php\/wp-json\/wp\/v2\/types\/post"}],"author":[{"embeddable":true,"href":"https:\/\/memoriadaculturaesportebsb.com.br\/index.php\/wp-json\/wp\/v2\/users\/1"}],"replies":[{"embeddable":true,"href":"https:\/\/memoriadaculturaesportebsb.com.br\/index.php\/wp-json\/wp\/v2\/comments?post=833"}],"version-history":[{"count":1,"href":"https:\/\/memoriadaculturaesportebsb.com.br\/index.php\/wp-json\/wp\/v2\/posts\/833\/revisions"}],"predecessor-version":[{"id":835,"href":"https:\/\/memoriadaculturaesportebsb.com.br\/index.php\/wp-json\/wp\/v2\/posts\/833\/revisions\/835"}],"wp:featuredmedia":[{"embeddable":true,"href":"https:\/\/memoriadaculturaesportebsb.com.br\/index.php\/wp-json\/wp\/v2\/media\/834"}],"wp:attachment":[{"href":"https:\/\/memoriadaculturaesportebsb.com.br\/index.php\/wp-json\/wp\/v2\/media?parent=833"}],"wp:term":[{"taxonomy":"category","embeddable":true,"href":"https:\/\/memoriadaculturaesportebsb.com.br\/index.php\/wp-json\/wp\/v2\/categories?post=833"},{"taxonomy":"post_tag","embeddable":true,"href":"https:\/\/memoriadaculturaesportebsb.com.br\/index.php\/wp-json\/wp\/v2\/tags?post=833"}],"curies":[{"name":"wp","href":"https:\/\/api.w.org\/{rel}","templated":true}]}}