{"id":829,"date":"2023-03-30T10:05:47","date_gmt":"2023-03-30T13:05:47","guid":{"rendered":"https:\/\/memoriadaculturaesportebsb.com.br\/final\/?p=829"},"modified":"2023-03-30T14:07:09","modified_gmt":"2023-03-30T17:07:09","slug":"no-tempo-da-reportagem-o-guri-que-ganhou-o-mundo","status":"publish","type":"post","link":"https:\/\/memoriadaculturaesportebsb.com.br\/index.php\/2023\/03\/30\/no-tempo-da-reportagem-o-guri-que-ganhou-o-mundo\/","title":{"rendered":"No tempo da reportagem \u2013 O guri que ganhou o mundo"},"content":{"rendered":"<p>Em abril de 2006 recebi um desafio de meu editor de Esporte, Paulo Rossi, no Correio Braziliense: escrever um perfil de Ronaldo de Assis Moreira, o Ronaldinho Ga\u00facho, sem a manifesta\u00e7\u00e3o do craque; eu s\u00f3 poderia ouvir familiares e pessoas que com ele conviveram at\u00e9 se tornar a estrela de primeira grandeza do Barcelona. Eu teria cinco p\u00e1ginas do jornal para publicar o que apurasse.<\/p>\n<p>Em uma noite fiz o planejamento. No dia seguinte, em uma hora tive o plano aprovado pelo chefe. E l\u00e1 me fui para Porto Alegre, junto com o querido amigo Ronaldo de Oliveira, fot\u00f3grafo de primeira, escalado para a miss\u00e3o. Foram cinco dias de procuras de personagens e detalhadas entrevistas, a partir de Ronaldo dos Santos, o primeiro t\u00e9cnico, quando o craque tinha seis, sete anos, por a\u00ed. Finalmente chegamos a Dona Miguelina, a m\u00e3e do talentoso jogador, \u00e0 \u00e9poca na Espanha, e que, de fato, encantou o mundo com as suas jogadas m\u00e1gicas.<\/p>\n<p>A publica\u00e7\u00e3o desta reportagem \u00e9 tamb\u00e9m uma homenagem p\u00f3stuma ao Ronaldo Oliveira, cujas imagens que captou valorizou sobremaneira o meu trabalho. Tristemente, Ronaldo, companheiro de v\u00e1rias reportagens, nos deixou prematuramente em 2016.<\/p>\n<p>Quem desejar conversar sobre a s\u00e9rie que, neste valioso espa\u00e7o, est\u00e1 sendo publicada pode escrever para <a href=\"mailto:jcruzz@uol.com.br\" target=\"_blank\" rel=\"noopener\">jcruzz@uol.com.br<\/a><\/p>\n<p>Confira a \u00edntegra da\u00a0<a href=\"https:\/\/memoriadaculturaesportebsb.com.br\/final\/wp-content\/uploads\/2023\/01\/5.pdf\" target=\"_blank\" rel=\"noopener\">reportagem<\/a>.<\/p>\n","protected":false},"excerpt":{"rendered":"<p>Em abril de 2006 recebi um desafio de meu editor de Esporte, Paulo Rossi, no Correio Braziliense: escrever um perfil de Ronaldo de Assis Moreira, o Ronaldinho Ga\u00facho, sem a manifesta\u00e7\u00e3o do craque; eu s\u00f3 poderia ouvir familiares e pessoas que com ele conviveram at\u00e9 se tornar a estrela de primeira grandeza do Barcelona. Eu &hellip;<\/p>\n","protected":false},"author":1,"featured_media":831,"comment_status":"closed","ping_status":"closed","sticky":false,"template":"","format":"standard","meta":{"footnotes":""},"categories":[13,3,4,14],"tags":[],"class_list":["post-829","post","type-post","status-publish","format-standard","has-post-thumbnail","","category-colunistas","category-destaque","category-esporte","category-jose-cruz"],"_links":{"self":[{"href":"https:\/\/memoriadaculturaesportebsb.com.br\/index.php\/wp-json\/wp\/v2\/posts\/829","targetHints":{"allow":["GET"]}}],"collection":[{"href":"https:\/\/memoriadaculturaesportebsb.com.br\/index.php\/wp-json\/wp\/v2\/posts"}],"about":[{"href":"https:\/\/memoriadaculturaesportebsb.com.br\/index.php\/wp-json\/wp\/v2\/types\/post"}],"author":[{"embeddable":true,"href":"https:\/\/memoriadaculturaesportebsb.com.br\/index.php\/wp-json\/wp\/v2\/users\/1"}],"replies":[{"embeddable":true,"href":"https:\/\/memoriadaculturaesportebsb.com.br\/index.php\/wp-json\/wp\/v2\/comments?post=829"}],"version-history":[{"count":5,"href":"https:\/\/memoriadaculturaesportebsb.com.br\/index.php\/wp-json\/wp\/v2\/posts\/829\/revisions"}],"predecessor-version":[{"id":1815,"href":"https:\/\/memoriadaculturaesportebsb.com.br\/index.php\/wp-json\/wp\/v2\/posts\/829\/revisions\/1815"}],"wp:featuredmedia":[{"embeddable":true,"href":"https:\/\/memoriadaculturaesportebsb.com.br\/index.php\/wp-json\/wp\/v2\/media\/831"}],"wp:attachment":[{"href":"https:\/\/memoriadaculturaesportebsb.com.br\/index.php\/wp-json\/wp\/v2\/media?parent=829"}],"wp:term":[{"taxonomy":"category","embeddable":true,"href":"https:\/\/memoriadaculturaesportebsb.com.br\/index.php\/wp-json\/wp\/v2\/categories?post=829"},{"taxonomy":"post_tag","embeddable":true,"href":"https:\/\/memoriadaculturaesportebsb.com.br\/index.php\/wp-json\/wp\/v2\/tags?post=829"}],"curies":[{"name":"wp","href":"https:\/\/api.w.org\/{rel}","templated":true}]}}