{"id":826,"date":"2022-10-24T09:58:19","date_gmt":"2022-10-24T12:58:19","guid":{"rendered":"https:\/\/memoriadaculturaesportebsb.com.br\/final\/?p=826"},"modified":"2023-02-06T10:48:42","modified_gmt":"2023-02-06T13:48:42","slug":"as-historias-do-helio-tremendani-futsal-na-aruc","status":"publish","type":"post","link":"https:\/\/memoriadaculturaesportebsb.com.br\/index.php\/2022\/10\/24\/as-historias-do-helio-tremendani-futsal-na-aruc\/","title":{"rendered":"As hist\u00f3rias do Helio Tremendani \u2013 Futsal na Aruc"},"content":{"rendered":"<p><strong>Minhas Hist\u00f3rias na Aruc<\/strong>&nbsp;\u2013 Em 1976 a ARUC come\u00e7ou a participar do Campeonato Oficial de Futsal de Bras\u00edlia, inicialmente com equipes de n\u00edvel apenas regular, sem maiores pretens\u00f5es. No ano de 1979 fui procurado por um grupo de jogadores de alto n\u00edvel que atuavam pelo ASCADE que havia encerrado suas atividades no futsal. Era Fitinha, Z\u00e9 Mauro, Zequinha, Redi, Marc\u00e3o, Ricardo, Amauri e outros. Nesse ano a ARUC j\u00e1 fez uma boa campanha ficando entre os quatro primeiros e conquistando a Ta\u00e7a Tenente Valdemar que era realizada antes do campeonato oficial.<\/p>\n<p>Em 1981 assume o comando da equipe o ex-atleta Paulo Roberto Amaral, o popular Paulinho, um dos maiores piv\u00f4s da hist\u00f3ria do futsal brasiliense que iniciava a\u00ed sua carreira de treinador. Convidamos ent\u00e3o alguns outros atletas para compor o grupo, tais como Hugo, Lourinho, Massaroto, Pantera e Mauri\u00e7\u00e3o. Era realmente um grande time.<\/p>\n<p>Fizemos uma campanha memor\u00e1vel e fomos para a final com o Economi\u00e1rios, hoje APCEF. O jogo foi realizado no gin\u00e1sio do Minas completamente lotado, sendo transmitido pelas TVs Capital e Nacional, narrado pelo memor\u00e1vel Nilson Nelson. A ARUC fez 1\u00d70 e o Economi\u00e1rios empatou. Antes do jogo o piv\u00f4 Hugo veio falar comigo, meio triste porque ia ficar no banco, por\u00e9m, foi taxativo: \u201cVou entrar no segundo tempo e fazer o gol da vit\u00f3ria!\u201d<\/p>\n<p>A partida corria com lances emocionantes em um jogo muito equilibrado pelo n\u00edvel t\u00e9cnico das duas equipes. Hugo entra no decorrer do segundo tempo e recebe uma bola, domina no peito e gira, fazendo o gol da vit\u00f3ria da ARUC. Eu estava atr\u00e1s do banco de reservas e Hugo se dirigiu at\u00e9 mim e me deu um forte abra\u00e7o e repetiu suas palavras: \u201cN\u00e3o falei que faria o gol?\u201d<\/p>\n<p>Come\u00e7ava ent\u00e3o uma forte amizade que dura at\u00e9 hoje. Nos finais de semana sempre encontro Hugo praticando futvolei no Parque da Cidade e fa\u00e7o quest\u00e3o de contar esta hist\u00f3ria para todos do meio esportivo. Esse mesmo time foi quarto lugar no campeonato brasileiro em Fortaleza\/CE, sendo uma das melhores coloca\u00e7\u00f5es de Bras\u00edlia nesta competi\u00e7\u00e3o.<\/p>\n<p>Antes de viajar para Fortaleza a ARUC foi procurada por dirigentes de outros clubes que queriam a nossa vaga por achar que n\u00e3o ter\u00edamos condi\u00e7\u00f5es financeiras para viajar. Realmente foi muito dif\u00edcil, devido \u00e0 nossa falta de condi\u00e7\u00f5es, por\u00e9m, encontramos um apoio muito grande dos desportistas Marco Aur\u00e9lio Guedes e Amauri Roboredo que trabalhavam no SEED\/MEC e conseguiram grande parte das passagens a\u00e9reas. Para mim seria uma quest\u00e3o de honra participar da competi\u00e7\u00e3o porque era a forma de recompensar o grande esfor\u00e7o dos atletas na conquista do t\u00edtulo de campe\u00e3o brasiliense.<\/p>\n<p>Nossa homenagem a este grupo vencedor formado por Milt\u00e3o (massagista), Fitinha, Mauri\u00e7\u00e3o, Massaroto, Toinha, Pantera, Roberto, Vareta (auxiliar), Zequinha, Redi, Hugo, Marc\u00e3o, Lourinho e Ricardo. O grupo contava ainda com Z\u00e9 Mauro, Augusto Climaco, Lu\u00eds Pin\u00f3quio, Bira Santos, Francisco Paulo Esquerdinha, Paulo Amaral e Heitor, este, o maior o treinador da hist\u00f3ria do futsal de Bras\u00edlia e que deu grande contribui\u00e7\u00e3o a nossa ARUC.\u201d<\/p>\n<p><em>Colabora\u00e7\u00e3o de Rafael Souza<\/em><\/p>\n","protected":false},"excerpt":{"rendered":"<p>Minhas Hist\u00f3rias na Aruc&nbsp;\u2013 Em 1976 a ARUC come\u00e7ou a participar do Campeonato Oficial de Futsal de Bras\u00edlia, inicialmente com equipes de n\u00edvel apenas regular, sem maiores pretens\u00f5es. No ano de 1979 fui procurado por um grupo de jogadores de alto n\u00edvel que atuavam pelo ASCADE que havia encerrado suas atividades no futsal. Era Fitinha, &hellip;<\/p>\n","protected":false},"author":1,"featured_media":827,"comment_status":"closed","ping_status":"closed","sticky":false,"template":"","format":"standard","meta":{"footnotes":""},"categories":[13,4,16],"tags":[],"class_list":["post-826","post","type-post","status-publish","format-standard","has-post-thumbnail","","category-colunistas","category-esporte","category-helio-tremendani"],"_links":{"self":[{"href":"https:\/\/memoriadaculturaesportebsb.com.br\/index.php\/wp-json\/wp\/v2\/posts\/826","targetHints":{"allow":["GET"]}}],"collection":[{"href":"https:\/\/memoriadaculturaesportebsb.com.br\/index.php\/wp-json\/wp\/v2\/posts"}],"about":[{"href":"https:\/\/memoriadaculturaesportebsb.com.br\/index.php\/wp-json\/wp\/v2\/types\/post"}],"author":[{"embeddable":true,"href":"https:\/\/memoriadaculturaesportebsb.com.br\/index.php\/wp-json\/wp\/v2\/users\/1"}],"replies":[{"embeddable":true,"href":"https:\/\/memoriadaculturaesportebsb.com.br\/index.php\/wp-json\/wp\/v2\/comments?post=826"}],"version-history":[{"count":3,"href":"https:\/\/memoriadaculturaesportebsb.com.br\/index.php\/wp-json\/wp\/v2\/posts\/826\/revisions"}],"predecessor-version":[{"id":1107,"href":"https:\/\/memoriadaculturaesportebsb.com.br\/index.php\/wp-json\/wp\/v2\/posts\/826\/revisions\/1107"}],"wp:featuredmedia":[{"embeddable":true,"href":"https:\/\/memoriadaculturaesportebsb.com.br\/index.php\/wp-json\/wp\/v2\/media\/827"}],"wp:attachment":[{"href":"https:\/\/memoriadaculturaesportebsb.com.br\/index.php\/wp-json\/wp\/v2\/media?parent=826"}],"wp:term":[{"taxonomy":"category","embeddable":true,"href":"https:\/\/memoriadaculturaesportebsb.com.br\/index.php\/wp-json\/wp\/v2\/categories?post=826"},{"taxonomy":"post_tag","embeddable":true,"href":"https:\/\/memoriadaculturaesportebsb.com.br\/index.php\/wp-json\/wp\/v2\/tags?post=826"}],"curies":[{"name":"wp","href":"https:\/\/api.w.org\/{rel}","templated":true}]}}