{"id":82,"date":"2022-05-03T12:25:42","date_gmt":"2022-05-03T15:25:42","guid":{"rendered":"https:\/\/memoriadaculturaesportebsb.com.br\/final\/?p=82"},"modified":"2023-04-27T16:32:38","modified_gmt":"2023-04-27T19:32:38","slug":"entrevista-rubens-cavalcante","status":"publish","type":"post","link":"https:\/\/memoriadaculturaesportebsb.com.br\/index.php\/2022\/05\/03\/entrevista-rubens-cavalcante\/","title":{"rendered":"Entrevista: Rubens Cavalcante"},"content":{"rendered":"<span class=\"dropcap \">N<\/span>osso entrevistado \u00e9 Rubens Cavalcante. Ex-atleta e a maior refer\u00eancia na pesquisa da hist\u00f3ria do basquete em Bras\u00edlia. Assista a entrevista deste que \u00e9 uma enciclop\u00e9dia viva da historiografia do basquete e do esporte na Capital Federal<\/p>\n<h3>Ou\u00e7a o podcast da entrevista<\/h3>\n<iframe style=\"max-height:80px;\" src=\"https:\/\/open.spotify.com\/embed\/episode\/0vQ6NRgzzxviLi5ATYwRLw?si=30c515f21e4c4e2b?utm_source=generator\" width=\"100%\" height=\"80\" frameBorder=\"0\" allowfullscreen=\"\" allow=\"autoplay; clipboard-write; encrypted-media; fullscreen; picture-in-picture\" loading=\"lazy\"><\/iframe>\n","protected":false},"excerpt":{"rendered":"<p>Nosso entrevistado \u00e9 Rubens Cavalcante. Ex-atleta e a maior refer\u00eancia na pesquisa da hist\u00f3ria do basquete em Bras\u00edlia. Assista a entrevista deste que \u00e9 uma enciclop\u00e9dia viva da historiografia do basquete e do esporte na Capital Federal Ou\u00e7a o podcast da entrevista<\/p>\n","protected":false},"author":1,"featured_media":683,"comment_status":"closed","ping_status":"closed","sticky":false,"template":"","format":"standard","meta":{"footnotes":""},"categories":[6],"tags":[],"class_list":["post-82","post","type-post","status-publish","format-standard","has-post-thumbnail","","category-entrevistas"],"_links":{"self":[{"href":"https:\/\/memoriadaculturaesportebsb.com.br\/index.php\/wp-json\/wp\/v2\/posts\/82","targetHints":{"allow":["GET"]}}],"collection":[{"href":"https:\/\/memoriadaculturaesportebsb.com.br\/index.php\/wp-json\/wp\/v2\/posts"}],"about":[{"href":"https:\/\/memoriadaculturaesportebsb.com.br\/index.php\/wp-json\/wp\/v2\/types\/post"}],"author":[{"embeddable":true,"href":"https:\/\/memoriadaculturaesportebsb.com.br\/index.php\/wp-json\/wp\/v2\/users\/1"}],"replies":[{"embeddable":true,"href":"https:\/\/memoriadaculturaesportebsb.com.br\/index.php\/wp-json\/wp\/v2\/comments?post=82"}],"version-history":[{"count":3,"href":"https:\/\/memoriadaculturaesportebsb.com.br\/index.php\/wp-json\/wp\/v2\/posts\/82\/revisions"}],"predecessor-version":[{"id":1100,"href":"https:\/\/memoriadaculturaesportebsb.com.br\/index.php\/wp-json\/wp\/v2\/posts\/82\/revisions\/1100"}],"wp:featuredmedia":[{"embeddable":true,"href":"https:\/\/memoriadaculturaesportebsb.com.br\/index.php\/wp-json\/wp\/v2\/media\/683"}],"wp:attachment":[{"href":"https:\/\/memoriadaculturaesportebsb.com.br\/index.php\/wp-json\/wp\/v2\/media?parent=82"}],"wp:term":[{"taxonomy":"category","embeddable":true,"href":"https:\/\/memoriadaculturaesportebsb.com.br\/index.php\/wp-json\/wp\/v2\/categories?post=82"},{"taxonomy":"post_tag","embeddable":true,"href":"https:\/\/memoriadaculturaesportebsb.com.br\/index.php\/wp-json\/wp\/v2\/tags?post=82"}],"curies":[{"name":"wp","href":"https:\/\/api.w.org\/{rel}","templated":true}]}}