{"id":819,"date":"2023-03-30T09:09:37","date_gmt":"2023-03-30T12:09:37","guid":{"rendered":"https:\/\/memoriadaculturaesportebsb.com.br\/final\/?p=819"},"modified":"2023-03-30T14:00:50","modified_gmt":"2023-03-30T17:00:50","slug":"no-tempo-da-reportagem-em-cima-da-hora","status":"publish","type":"post","link":"https:\/\/memoriadaculturaesportebsb.com.br\/index.php\/2023\/03\/30\/no-tempo-da-reportagem-em-cima-da-hora\/","title":{"rendered":"No Tempo da Reportagem \u2013 Em cima da hora"},"content":{"rendered":"<p>L\u00e1 se v\u00e3o vinte anos dessa\u00a0<a href=\"https:\/\/www.memoriadaculturaesportebsb.com.br\/wp-content\/uploads\/2022\/11\/CB03102002P32.pdf\" target=\"_blank\" rel=\"noopener\">reportagem<\/a>.<\/p>\n<p>Foi em 2 de outubro que ela surgiu, quando fazia uma visita de rotina ao ent\u00e3o Minist\u00e9rio do Turismo e do Esporte. Enquanto eu conversava com uma autoridade, observei sobre a mesa dele um documento que indicava, com letras garrafais, ser um projeto para a cria\u00e7\u00e3o de uma \u201cAg\u00eancia Nacional do Esporte\u201d. Achei muito estranho, afinal faltavam dois meses para que o ent\u00e3o vencedor da elei\u00e7\u00e3o, Luiz In\u00e1cio Lula da Silva assumisse a presid\u00eancia da Rep\u00fablica, em substitui\u00e7\u00e3o ao ent\u00e3o presidente Fernando Henrique Cardoso.<\/p>\n<p>A tal \u201cAg\u00eancia\u201d, nos moldes da ANATEL \u2013 Ag\u00eancia Nacional de Telecomunica\u00e7\u00f5es \u2013 pegaria Lula de surpresa, pois, criada por Medida Provis\u00f3ria, teria o seu presidente indicado imediatamente e o mesmo n\u00e3o poderia ser trocado nos pr\u00f3ximos dois anos. Em resumo, tratava-se de uma intromiss\u00e3o do governo FHC na gest\u00e3o de Luiz In\u00e1cio Lula da Silva, a dois meses de come\u00e7ar o seu primeiro mandato presidencial.<\/p>\n<p>O assunto foi publicado no Correio Braziliense e a repercuss\u00e3o culminou com a decis\u00e3o de FHC de n\u00e3o tocar o assunto pra frente. Assim, a cria\u00e7\u00e3o de uma Ag\u00eancia Nacional do Esporte n\u00e3o passou daquilo, um projeto sobre a mesa de um burocrata da Esplanada dos Minist\u00e9rios.<\/p>\n","protected":false},"excerpt":{"rendered":"<p>L\u00e1 se v\u00e3o vinte anos dessa\u00a0reportagem. Foi em 2 de outubro que ela surgiu, quando fazia uma visita de rotina ao ent\u00e3o Minist\u00e9rio do Turismo e do Esporte. Enquanto eu conversava com uma autoridade, observei sobre a mesa dele um documento que indicava, com letras garrafais, ser um projeto para a cria\u00e7\u00e3o de uma \u201cAg\u00eancia &hellip;<\/p>\n","protected":false},"author":1,"featured_media":821,"comment_status":"closed","ping_status":"closed","sticky":false,"template":"","format":"standard","meta":{"footnotes":""},"categories":[13,4,14],"tags":[],"class_list":["post-819","post","type-post","status-publish","format-standard","has-post-thumbnail","","category-colunistas","category-esporte","category-jose-cruz"],"_links":{"self":[{"href":"https:\/\/memoriadaculturaesportebsb.com.br\/index.php\/wp-json\/wp\/v2\/posts\/819","targetHints":{"allow":["GET"]}}],"collection":[{"href":"https:\/\/memoriadaculturaesportebsb.com.br\/index.php\/wp-json\/wp\/v2\/posts"}],"about":[{"href":"https:\/\/memoriadaculturaesportebsb.com.br\/index.php\/wp-json\/wp\/v2\/types\/post"}],"author":[{"embeddable":true,"href":"https:\/\/memoriadaculturaesportebsb.com.br\/index.php\/wp-json\/wp\/v2\/users\/1"}],"replies":[{"embeddable":true,"href":"https:\/\/memoriadaculturaesportebsb.com.br\/index.php\/wp-json\/wp\/v2\/comments?post=819"}],"version-history":[{"count":2,"href":"https:\/\/memoriadaculturaesportebsb.com.br\/index.php\/wp-json\/wp\/v2\/posts\/819\/revisions"}],"predecessor-version":[{"id":1814,"href":"https:\/\/memoriadaculturaesportebsb.com.br\/index.php\/wp-json\/wp\/v2\/posts\/819\/revisions\/1814"}],"wp:featuredmedia":[{"embeddable":true,"href":"https:\/\/memoriadaculturaesportebsb.com.br\/index.php\/wp-json\/wp\/v2\/media\/821"}],"wp:attachment":[{"href":"https:\/\/memoriadaculturaesportebsb.com.br\/index.php\/wp-json\/wp\/v2\/media?parent=819"}],"wp:term":[{"taxonomy":"category","embeddable":true,"href":"https:\/\/memoriadaculturaesportebsb.com.br\/index.php\/wp-json\/wp\/v2\/categories?post=819"},{"taxonomy":"post_tag","embeddable":true,"href":"https:\/\/memoriadaculturaesportebsb.com.br\/index.php\/wp-json\/wp\/v2\/tags?post=819"}],"curies":[{"name":"wp","href":"https:\/\/api.w.org\/{rel}","templated":true}]}}