{"id":810,"date":"2022-11-07T09:02:27","date_gmt":"2022-11-07T12:02:27","guid":{"rendered":"https:\/\/memoriadaculturaesportebsb.com.br\/final\/?p=810"},"modified":"2023-02-06T10:48:02","modified_gmt":"2023-02-06T13:48:02","slug":"no-tempo-da-reportagem-visita-de-campeoes","status":"publish","type":"post","link":"https:\/\/memoriadaculturaesportebsb.com.br\/index.php\/2022\/11\/07\/no-tempo-da-reportagem-visita-de-campeoes\/","title":{"rendered":"No Tempo da Reportagem \u2013 Visita de campe\u00f5es"},"content":{"rendered":"<p>A sempre agitada rotina da reda\u00e7\u00e3o de um jornal foi quebrada com a chegada de um grupo de simp\u00e1ticos \u201cvelhinhos\u201d. Sorridentes, cumprimentavam os rep\u00f3rteres e buscavam chegar \u00e0 Editoria de Esporte. Para a maioria, eram ilustres desconhecidos; para os veteranos eram her\u00f3is personagens da hist\u00f3ria do nosso esporte.<\/p>\n<p>Ali estavam a nos visitar grandes nomes do primeiro t\u00edtulo mundial da Sele\u00e7\u00e3o Brasileira, Zagallo, Zito,. Dino Sani, Mazolla, De Sordi e Pepe, conhecido como \u201cO Canh\u00e3o da Vila\u201d, ex\u00edmio batedor de faltas, no Santos, da famosa Vila Belmiro.<\/p>\n<p>Os campe\u00f5es mundiais de futebol visitavam Bras\u00edlia a convite do ent\u00e3o governador Jos\u00e9 Roberto Arruda e uma visita ao Correio Braziliense estava no roteiro deles.<\/p>\n<p>Foi uma alegria enorme para os \u201cdinos\u201d da reda\u00e7\u00e3o encontrar pessoalmente aqueles que foram seus \u00eddolos l\u00e1 nas passagens de 1958, quando Brasil conquistou a Copa do Mundo na Su\u00e9cia. Deliciem-se com os depoimentos de gigantes do nosso futebol.<\/p>\n<p>Boa&nbsp;<a href=\"https:\/\/memoriadaculturaesportebsb.com.br\/final\/wp-content\/uploads\/2023\/01\/CB25062008P3435.pdf\" target=\"_blank\" rel=\"noopener\">leitura<\/a>.<\/p>\n","protected":false},"excerpt":{"rendered":"<p>A sempre agitada rotina da reda\u00e7\u00e3o de um jornal foi quebrada com a chegada de um grupo de simp\u00e1ticos \u201cvelhinhos\u201d. Sorridentes, cumprimentavam os rep\u00f3rteres e buscavam chegar \u00e0 Editoria de Esporte. Para a maioria, eram ilustres desconhecidos; para os veteranos eram her\u00f3is personagens da hist\u00f3ria do nosso esporte. Ali estavam a nos visitar grandes nomes &hellip;<\/p>\n","protected":false},"author":1,"featured_media":812,"comment_status":"closed","ping_status":"closed","sticky":false,"template":"","format":"standard","meta":{"footnotes":""},"categories":[13,4,14],"tags":[],"class_list":["post-810","post","type-post","status-publish","format-standard","has-post-thumbnail","","category-colunistas","category-esporte","category-jose-cruz"],"_links":{"self":[{"href":"https:\/\/memoriadaculturaesportebsb.com.br\/index.php\/wp-json\/wp\/v2\/posts\/810","targetHints":{"allow":["GET"]}}],"collection":[{"href":"https:\/\/memoriadaculturaesportebsb.com.br\/index.php\/wp-json\/wp\/v2\/posts"}],"about":[{"href":"https:\/\/memoriadaculturaesportebsb.com.br\/index.php\/wp-json\/wp\/v2\/types\/post"}],"author":[{"embeddable":true,"href":"https:\/\/memoriadaculturaesportebsb.com.br\/index.php\/wp-json\/wp\/v2\/users\/1"}],"replies":[{"embeddable":true,"href":"https:\/\/memoriadaculturaesportebsb.com.br\/index.php\/wp-json\/wp\/v2\/comments?post=810"}],"version-history":[{"count":1,"href":"https:\/\/memoriadaculturaesportebsb.com.br\/index.php\/wp-json\/wp\/v2\/posts\/810\/revisions"}],"predecessor-version":[{"id":813,"href":"https:\/\/memoriadaculturaesportebsb.com.br\/index.php\/wp-json\/wp\/v2\/posts\/810\/revisions\/813"}],"wp:featuredmedia":[{"embeddable":true,"href":"https:\/\/memoriadaculturaesportebsb.com.br\/index.php\/wp-json\/wp\/v2\/media\/812"}],"wp:attachment":[{"href":"https:\/\/memoriadaculturaesportebsb.com.br\/index.php\/wp-json\/wp\/v2\/media?parent=810"}],"wp:term":[{"taxonomy":"category","embeddable":true,"href":"https:\/\/memoriadaculturaesportebsb.com.br\/index.php\/wp-json\/wp\/v2\/categories?post=810"},{"taxonomy":"post_tag","embeddable":true,"href":"https:\/\/memoriadaculturaesportebsb.com.br\/index.php\/wp-json\/wp\/v2\/tags?post=810"}],"curies":[{"name":"wp","href":"https:\/\/api.w.org\/{rel}","templated":true}]}}