{"id":807,"date":"2022-11-07T09:00:22","date_gmt":"2022-11-07T12:00:22","guid":{"rendered":"https:\/\/memoriadaculturaesportebsb.com.br\/final\/?p=807"},"modified":"2023-04-27T16:26:48","modified_gmt":"2023-04-27T19:26:48","slug":"personalidade-destaque-leila-do-volei","status":"publish","type":"post","link":"https:\/\/memoriadaculturaesportebsb.com.br\/index.php\/2022\/11\/07\/personalidade-destaque-leila-do-volei\/","title":{"rendered":"Personalidade destaque: Leila do V\u00f4lei"},"content":{"rendered":"<p>Leila Gomes de Barros R\u00eago, filha do mec\u00e2nico Francisco e da dona de casa Francisca, nasceu em Taguatinga, no Distrito Federal em 30 de setembro de 1971. Logo ap\u00f3s de completar 17 anos, foi construir sua vida. O voleibol foi o passaporte para conquistar seus sonhos.<\/p>\n<p>No v\u00f4lei, vestir a camisa da sele\u00e7\u00e3o brasileira durante 18 anos (somando as categorias de base e adulta), participar de tr\u00eas olimp\u00edadas e estampar no peito duas medalhas ol\u00edmpicas pelo pa\u00eds talvez tenham sido as maiores gl\u00f3rias. Al\u00e9m disso, conquistou t\u00edtulos defendendo diversos clubes nacionais e foi escolhida pelo Comit\u00ea Ol\u00edmpico Brasileiro, em 2000, a melhor da modalidade e a principal atleta feminina do pa\u00eds. Leia mais sobre a carreira de Leila como atleta.<\/p>\n<p>Tamb\u00e9m foi no ambiente esportivo que ela conheceu o companheiro, o campe\u00e3o ol\u00edmpico Emanuel R\u00eago. Juntos tiveram o filho, Lukas. Emanuel \u00e9 pai de Mateus, enteado que Leila considera seu segundo filho. Leia mais sobre a fam\u00edlia de Leila.<\/p>\n<p>Depois de encerrar sua carreira no v\u00f4lei, foi comentarista esportiva da TV Globo em tr\u00eas Jogos Ol\u00edmpicos. Paralelo ao trabalho na principal emissora de televis\u00e3o do pa\u00eds, criou, em Bras\u00edlia, um projeto social que atendeu a mais de 50 mil crian\u00e7as, jovens e adultos por meio de atividades esportivas, s\u00f3cio educacionais e de capacita\u00e7\u00e3o profissional.<\/p>\n<p>Em 2013, fundou uma equipe de v\u00f4lei de alto rendimento que representou o Distrito Federal nas principais competi\u00e7\u00f5es nacionais. Em 2015, tornou-se a primeira mulher Secret\u00e1ria de Esporte e Lazer do GDF. Sua gest\u00e3o foi marcada pela democratiza\u00e7\u00e3o do acesso aos programas esportivos e parcerias com o terceiro setor e a iniciativa privada.<\/p>\n<p>No pleito de 2018 foi a campe\u00e3 de votos para o Senado no DF, eleita com 467.787 votos. Leila alicer\u00e7ou sua campanha em oito pilares. O primeiro deles foi utilizar o esporte como eixo estruturante do bem-estar social. Ela tamb\u00e9m se prop\u00f4s a priorizar a defesa dos interesses das mulheres, a educa\u00e7\u00e3o como instrumento de transforma\u00e7\u00e3o, a sa\u00fade com foco na preven\u00e7\u00e3o, a gest\u00e3o p\u00fablica inovadora, transparente e efetiva. A ent\u00e3o candidata tamb\u00e9m se defendeu em apoiar os valores humanistas, a mobilidade e acessibilidade e o desenvolvimento sustent\u00e1vel.<\/p>\n","protected":false},"excerpt":{"rendered":"<p>Leila Gomes de Barros R\u00eago, filha do mec\u00e2nico Francisco e da dona de casa Francisca, nasceu em Taguatinga, no Distrito Federal em 30 de setembro de 1971. Logo ap\u00f3s de completar 17 anos, foi construir sua vida. O voleibol foi o passaporte para conquistar seus sonhos. No v\u00f4lei, vestir a camisa da sele\u00e7\u00e3o brasileira durante &hellip;<\/p>\n","protected":false},"author":1,"featured_media":1795,"comment_status":"closed","ping_status":"closed","sticky":false,"template":"","format":"standard","meta":{"footnotes":""},"categories":[4],"tags":[],"class_list":["post-807","post","type-post","status-publish","format-standard","has-post-thumbnail","","category-esporte"],"_links":{"self":[{"href":"https:\/\/memoriadaculturaesportebsb.com.br\/index.php\/wp-json\/wp\/v2\/posts\/807","targetHints":{"allow":["GET"]}}],"collection":[{"href":"https:\/\/memoriadaculturaesportebsb.com.br\/index.php\/wp-json\/wp\/v2\/posts"}],"about":[{"href":"https:\/\/memoriadaculturaesportebsb.com.br\/index.php\/wp-json\/wp\/v2\/types\/post"}],"author":[{"embeddable":true,"href":"https:\/\/memoriadaculturaesportebsb.com.br\/index.php\/wp-json\/wp\/v2\/users\/1"}],"replies":[{"embeddable":true,"href":"https:\/\/memoriadaculturaesportebsb.com.br\/index.php\/wp-json\/wp\/v2\/comments?post=807"}],"version-history":[{"count":1,"href":"https:\/\/memoriadaculturaesportebsb.com.br\/index.php\/wp-json\/wp\/v2\/posts\/807\/revisions"}],"predecessor-version":[{"id":809,"href":"https:\/\/memoriadaculturaesportebsb.com.br\/index.php\/wp-json\/wp\/v2\/posts\/807\/revisions\/809"}],"wp:featuredmedia":[{"embeddable":true,"href":"https:\/\/memoriadaculturaesportebsb.com.br\/index.php\/wp-json\/wp\/v2\/media\/1795"}],"wp:attachment":[{"href":"https:\/\/memoriadaculturaesportebsb.com.br\/index.php\/wp-json\/wp\/v2\/media?parent=807"}],"wp:term":[{"taxonomy":"category","embeddable":true,"href":"https:\/\/memoriadaculturaesportebsb.com.br\/index.php\/wp-json\/wp\/v2\/categories?post=807"},{"taxonomy":"post_tag","embeddable":true,"href":"https:\/\/memoriadaculturaesportebsb.com.br\/index.php\/wp-json\/wp\/v2\/tags?post=807"}],"curies":[{"name":"wp","href":"https:\/\/api.w.org\/{rel}","templated":true}]}}