{"id":803,"date":"2022-11-14T08:59:26","date_gmt":"2022-11-14T11:59:26","guid":{"rendered":"https:\/\/memoriadaculturaesportebsb.com.br\/final\/?p=803"},"modified":"2023-01-30T08:59:52","modified_gmt":"2023-01-30T11:59:52","slug":"atleta-destaque-pipoka","status":"publish","type":"post","link":"https:\/\/memoriadaculturaesportebsb.com.br\/index.php\/2022\/11\/14\/atleta-destaque-pipoka\/","title":{"rendered":"Atleta destaque: Pipoka"},"content":{"rendered":"<p><img loading=\"lazy\" decoding=\"async\" class=\"alignright size-full wp-image-805\" src=\"https:\/\/memoriadaculturaesportebsb.com.br\/final\/wp-content\/uploads\/2023\/01\/pipoka3-225x300-1.png\" alt=\"\" width=\"225\" height=\"300\">Jo\u00e3o Jos\u00e9 Vianna, o Pipoka, nasceu no dia 15 de novembro de 1963 em Bras\u00edlia, Distrito Federal.<\/p>\n<p>No in\u00edcio dos anos 90, ele se tornou o segundo brasileiro a atuar na NBA, liga de basquete profissional dos Estados Unidos.<\/p>\n<p>Desde 2009, Pipoka \u00e9 professor universit\u00e1rio de educa\u00e7\u00e3o f\u00edsica na UNIEURO, de Bras\u00edlia-DF.<\/p>\n<p>Com 2,04 metros, Pipoka fez hist\u00f3ria no basquete brasileiro. Atuando como ala, ele participou de tr\u00eas Olimp\u00edadas (1988, 1992 e 1996), quatro Mundiais de Basquete (1986, 1990, 1994 e 1998) e ainda esteve no hist\u00f3rico Pan-Americano de 1987, quando o Brasil foi campe\u00e3o em Indian\u00e1polis.<\/p>\n<p>Contudo, foi por um clube que Pipoka fez hist\u00f3ria. Em 1991, ele foi contratado pelo Dallas Mavericks, da NBA, sagrando-se assim o segundo jogador brasileiro a atuar na liga. Com 24 anos na \u00e9poca, ele entrou em quadra apenas uma vez, em um jogo contra o San Antonio Spurs. O ala participou de nove minutos, marcou dois pontos e deu duas assist\u00eancias.<\/p>\n<p>No Brasil, ele passou pelo S\u00e3o Jos\u00e9 dos Campos, Palmeiras, Flamengo, Universo Bras\u00edlia e em mais alguns clubes em toda a sua carreira. Ap\u00f3s se aposentar, ele chegou a trabalhar com basquete, sendo assistente t\u00e9cnico do Bras\u00edlia. Inclusive, em 2009, quando o Bras\u00edlia foi campe\u00e3o do NBB, ele estava na comiss\u00e3o t\u00e9cnica do time.<\/p>\n","protected":false},"excerpt":{"rendered":"<p>Jo\u00e3o Jos\u00e9 Vianna, o Pipoka, nasceu no dia 15 de novembro de 1963 em Bras\u00edlia, Distrito Federal. No in\u00edcio dos anos 90, ele se tornou o segundo brasileiro a atuar na NBA, liga de basquete profissional dos Estados Unidos. Desde 2009, Pipoka \u00e9 professor universit\u00e1rio de educa\u00e7\u00e3o f\u00edsica na UNIEURO, de Bras\u00edlia-DF. Com 2,04 metros, &hellip;<\/p>\n","protected":false},"author":1,"featured_media":804,"comment_status":"closed","ping_status":"closed","sticky":false,"template":"","format":"standard","meta":{"footnotes":""},"categories":[4],"tags":[],"class_list":["post-803","post","type-post","status-publish","format-standard","has-post-thumbnail","","category-esporte"],"_links":{"self":[{"href":"https:\/\/memoriadaculturaesportebsb.com.br\/index.php\/wp-json\/wp\/v2\/posts\/803","targetHints":{"allow":["GET"]}}],"collection":[{"href":"https:\/\/memoriadaculturaesportebsb.com.br\/index.php\/wp-json\/wp\/v2\/posts"}],"about":[{"href":"https:\/\/memoriadaculturaesportebsb.com.br\/index.php\/wp-json\/wp\/v2\/types\/post"}],"author":[{"embeddable":true,"href":"https:\/\/memoriadaculturaesportebsb.com.br\/index.php\/wp-json\/wp\/v2\/users\/1"}],"replies":[{"embeddable":true,"href":"https:\/\/memoriadaculturaesportebsb.com.br\/index.php\/wp-json\/wp\/v2\/comments?post=803"}],"version-history":[{"count":1,"href":"https:\/\/memoriadaculturaesportebsb.com.br\/index.php\/wp-json\/wp\/v2\/posts\/803\/revisions"}],"predecessor-version":[{"id":806,"href":"https:\/\/memoriadaculturaesportebsb.com.br\/index.php\/wp-json\/wp\/v2\/posts\/803\/revisions\/806"}],"wp:featuredmedia":[{"embeddable":true,"href":"https:\/\/memoriadaculturaesportebsb.com.br\/index.php\/wp-json\/wp\/v2\/media\/804"}],"wp:attachment":[{"href":"https:\/\/memoriadaculturaesportebsb.com.br\/index.php\/wp-json\/wp\/v2\/media?parent=803"}],"wp:term":[{"taxonomy":"category","embeddable":true,"href":"https:\/\/memoriadaculturaesportebsb.com.br\/index.php\/wp-json\/wp\/v2\/categories?post=803"},{"taxonomy":"post_tag","embeddable":true,"href":"https:\/\/memoriadaculturaesportebsb.com.br\/index.php\/wp-json\/wp\/v2\/tags?post=803"}],"curies":[{"name":"wp","href":"https:\/\/api.w.org\/{rel}","templated":true}]}}