{"id":800,"date":"2022-11-14T08:54:19","date_gmt":"2022-11-14T11:54:19","guid":{"rendered":"https:\/\/memoriadaculturaesportebsb.com.br\/final\/?p=800"},"modified":"2023-03-22T16:29:06","modified_gmt":"2023-03-22T19:29:06","slug":"as-historias-do-helio-tremendani-o-fotografo-misterioso","status":"publish","type":"post","link":"https:\/\/memoriadaculturaesportebsb.com.br\/index.php\/2022\/11\/14\/as-historias-do-helio-tremendani-o-fotografo-misterioso\/","title":{"rendered":"As hist\u00f3rias do Helio Tremendani \u2013 o fot\u00f3grafo misterioso"},"content":{"rendered":"<p>Durante mais de 40 anos tentei descobrir quem era o autor da foto do meu irm\u00e3o, Mel\u00e3o, com Pel\u00e9. Eis que h\u00e1 alguns anos, no \u201cBloco Pauta na Rua\u201d, encontro com fot\u00f3grafo Orlando Brito. Na ocasi\u00e3o, ele me chamou para falar que tinha uma foto minha. Quando ele descreveu a imagem percebi que, na verdade, era justamente esta foto do meu irm\u00e3o, tirada em maio de 1967. Finalmente o mist\u00e9rio foi solucionado.<\/p>\n<p>No plano principal da foto est\u00e3o Moacir Tremendani, conhecido como Mel\u00e3o, e Pel\u00e9. A fotografia foi feita no in\u00edcio do jogo amistoso entre a Sele\u00e7\u00e3o de Bras\u00edlia e Santos FC realizado no antigo Est\u00e1dio Pelez\u00e3o, que se localizava logo atr\u00e1s do Carrefour. Mel\u00e3o jogou na zaga da antiga Associa\u00e7\u00e3o Esportiva Cruzeiro do Sul, sendo campe\u00e3o brasiliense em 1963.<\/p>\n<p><strong><em>Ficha do jogo<\/em><\/strong><\/p>\n<p><strong>SELE\u00c7\u00c3O DE BRAS\u00cdLIA 1 x 5 SANTOS<\/strong><\/p>\n<ul>\n<li>Data: 25 de maio de 1967<\/li>\n<li>Local: Est\u00e1dio Nacional de Bras\u00edlia<\/li>\n<li>\u00c1rbitro: Jorge Cardoso<\/li>\n<li>Gols: Pel\u00e9, 3; Coutinho, 40; Wilson, 63; Douglas, 80; Aderbal, 83 e Toninho, 89.<\/li>\n<\/ul>\n<p>SELE\u00c7\u00c3O DE BRAS\u00cdLIA: Z\u00e9 Walter, Didi, Melo, Farneze e Aderbal; Z\u00e9 Maria, Luiz e Beto Pretti (Paulinho); Sabar\u00e1, Edinho (Cid) e Arnaldo.<\/p>\n<p>SANTOS: Cl\u00e1udio, Lima, Joel, Orlando (Oberdan) e Rildo; Clodoaldo e Zito (Bougleux); Wilson, Coutinho (Toninho), Pel\u00e9 (Douglas) e Abel (Edu).<br \/>\nFonte: Jos\u00e9 Ricardo<\/p>\n","protected":false},"excerpt":{"rendered":"<p>Durante mais de 40 anos tentei descobrir quem era o autor da foto do meu irm\u00e3o, Mel\u00e3o, com Pel\u00e9. Eis que h\u00e1 alguns anos, no \u201cBloco Pauta na Rua\u201d, encontro com fot\u00f3grafo Orlando Brito. Na ocasi\u00e3o, ele me chamou para falar que tinha uma foto minha. Quando ele descreveu a imagem percebi que, na verdade, &hellip;<\/p>\n","protected":false},"author":1,"featured_media":1794,"comment_status":"closed","ping_status":"closed","sticky":false,"template":"","format":"standard","meta":{"footnotes":""},"categories":[13,4,16],"tags":[],"class_list":["post-800","post","type-post","status-publish","format-standard","has-post-thumbnail","","category-colunistas","category-esporte","category-helio-tremendani"],"_links":{"self":[{"href":"https:\/\/memoriadaculturaesportebsb.com.br\/index.php\/wp-json\/wp\/v2\/posts\/800","targetHints":{"allow":["GET"]}}],"collection":[{"href":"https:\/\/memoriadaculturaesportebsb.com.br\/index.php\/wp-json\/wp\/v2\/posts"}],"about":[{"href":"https:\/\/memoriadaculturaesportebsb.com.br\/index.php\/wp-json\/wp\/v2\/types\/post"}],"author":[{"embeddable":true,"href":"https:\/\/memoriadaculturaesportebsb.com.br\/index.php\/wp-json\/wp\/v2\/users\/1"}],"replies":[{"embeddable":true,"href":"https:\/\/memoriadaculturaesportebsb.com.br\/index.php\/wp-json\/wp\/v2\/comments?post=800"}],"version-history":[{"count":1,"href":"https:\/\/memoriadaculturaesportebsb.com.br\/index.php\/wp-json\/wp\/v2\/posts\/800\/revisions"}],"predecessor-version":[{"id":802,"href":"https:\/\/memoriadaculturaesportebsb.com.br\/index.php\/wp-json\/wp\/v2\/posts\/800\/revisions\/802"}],"wp:featuredmedia":[{"embeddable":true,"href":"https:\/\/memoriadaculturaesportebsb.com.br\/index.php\/wp-json\/wp\/v2\/media\/1794"}],"wp:attachment":[{"href":"https:\/\/memoriadaculturaesportebsb.com.br\/index.php\/wp-json\/wp\/v2\/media?parent=800"}],"wp:term":[{"taxonomy":"category","embeddable":true,"href":"https:\/\/memoriadaculturaesportebsb.com.br\/index.php\/wp-json\/wp\/v2\/categories?post=800"},{"taxonomy":"post_tag","embeddable":true,"href":"https:\/\/memoriadaculturaesportebsb.com.br\/index.php\/wp-json\/wp\/v2\/tags?post=800"}],"curies":[{"name":"wp","href":"https:\/\/api.w.org\/{rel}","templated":true}]}}