{"id":80,"date":"2022-05-19T12:24:34","date_gmt":"2022-05-19T15:24:34","guid":{"rendered":"https:\/\/memoriadaculturaesportebsb.com.br\/final\/?p=80"},"modified":"2023-01-29T21:52:14","modified_gmt":"2023-01-30T00:52:14","slug":"entrevista-francisco-xavier","status":"publish","type":"post","link":"https:\/\/memoriadaculturaesportebsb.com.br\/index.php\/2022\/05\/19\/entrevista-francisco-xavier\/","title":{"rendered":"Entrevista: Francisco Xavier"},"content":{"rendered":"<span class=\"dropcap \">F<\/span>rancisco Xavier um dos grandes respons\u00e1veis por Bras\u00edlia ter a segunda mais tradicional corrida de Rua do Brasil, a Corrida de Reis. Veio ainda crian\u00e7a do Cear\u00e1 e na capital foi atleta, professor e gestor esportivo. Assista a entrevista e conhe\u00e7a \u201ccausos\u201d engra\u00e7ados e interessantes da Corrida de Reis.<\/p>\n","protected":false},"excerpt":{"rendered":"<p>Francisco Xavier um dos grandes respons\u00e1veis por Bras\u00edlia ter a segunda mais tradicional corrida de Rua do Brasil, a Corrida de Reis. Veio ainda crian\u00e7a do Cear\u00e1 e na capital foi atleta, professor e gestor esportivo. Assista a entrevista e conhe\u00e7a \u201ccausos\u201d engra\u00e7ados e interessantes da Corrida de Reis.<\/p>\n","protected":false},"author":1,"featured_media":684,"comment_status":"closed","ping_status":"closed","sticky":false,"template":"","format":"standard","meta":{"footnotes":""},"categories":[6],"tags":[],"class_list":["post-80","post","type-post","status-publish","format-standard","has-post-thumbnail","","category-entrevistas"],"_links":{"self":[{"href":"https:\/\/memoriadaculturaesportebsb.com.br\/index.php\/wp-json\/wp\/v2\/posts\/80","targetHints":{"allow":["GET"]}}],"collection":[{"href":"https:\/\/memoriadaculturaesportebsb.com.br\/index.php\/wp-json\/wp\/v2\/posts"}],"about":[{"href":"https:\/\/memoriadaculturaesportebsb.com.br\/index.php\/wp-json\/wp\/v2\/types\/post"}],"author":[{"embeddable":true,"href":"https:\/\/memoriadaculturaesportebsb.com.br\/index.php\/wp-json\/wp\/v2\/users\/1"}],"replies":[{"embeddable":true,"href":"https:\/\/memoriadaculturaesportebsb.com.br\/index.php\/wp-json\/wp\/v2\/comments?post=80"}],"version-history":[{"count":2,"href":"https:\/\/memoriadaculturaesportebsb.com.br\/index.php\/wp-json\/wp\/v2\/posts\/80\/revisions"}],"predecessor-version":[{"id":685,"href":"https:\/\/memoriadaculturaesportebsb.com.br\/index.php\/wp-json\/wp\/v2\/posts\/80\/revisions\/685"}],"wp:featuredmedia":[{"embeddable":true,"href":"https:\/\/memoriadaculturaesportebsb.com.br\/index.php\/wp-json\/wp\/v2\/media\/684"}],"wp:attachment":[{"href":"https:\/\/memoriadaculturaesportebsb.com.br\/index.php\/wp-json\/wp\/v2\/media?parent=80"}],"wp:term":[{"taxonomy":"category","embeddable":true,"href":"https:\/\/memoriadaculturaesportebsb.com.br\/index.php\/wp-json\/wp\/v2\/categories?post=80"},{"taxonomy":"post_tag","embeddable":true,"href":"https:\/\/memoriadaculturaesportebsb.com.br\/index.php\/wp-json\/wp\/v2\/tags?post=80"}],"curies":[{"name":"wp","href":"https:\/\/api.w.org\/{rel}","templated":true}]}}