{"id":794,"date":"2022-11-17T07:30:50","date_gmt":"2022-11-17T10:30:50","guid":{"rendered":"https:\/\/memoriadaculturaesportebsb.com.br\/final\/?p=794"},"modified":"2023-01-30T07:34:38","modified_gmt":"2023-01-30T10:34:38","slug":"atleta-destaque-isabel-do-volei","status":"publish","type":"post","link":"https:\/\/memoriadaculturaesportebsb.com.br\/index.php\/2022\/11\/17\/atleta-destaque-isabel-do-volei\/","title":{"rendered":"Atleta destaque \u2013 Isabel do V\u00f4lei"},"content":{"rendered":"<p><strong>Isabel do V\u00f4lei na Aruc:<\/strong>&nbsp;Em 1990 a Aruc firmou parceria com DEFER e a Funda\u00e7\u00e3o OK para realiza\u00e7\u00e3o do Projeto Ok\/DEFER nas instala\u00e7\u00f5es da Aruc, nas modalidades de futsal, futebol, handebol, voleibol. Sem cobran\u00e7a de taxas e com lanche para os participantes, o programa atendeu mais de 400 alunos da rede p\u00fablica de ensino do Distrito Federal.<\/p>\n<figure id=\"attachment_796\" aria-describedby=\"caption-attachment-796\" style=\"width: 1080px\" class=\"wp-caption alignnone\"><img loading=\"lazy\" decoding=\"async\" class=\"size-full wp-image-796\" src=\"https:\/\/memoriadaculturaesportebsb.com.br\/final\/wp-content\/uploads\/2023\/01\/Isabel2.jpeg\" alt=\"\" width=\"1080\" height=\"708\" srcset=\"https:\/\/memoriadaculturaesportebsb.com.br\/wp-content\/uploads\/2023\/01\/Isabel2.jpeg 1080w, https:\/\/memoriadaculturaesportebsb.com.br\/wp-content\/uploads\/2023\/01\/Isabel2-300x197.jpeg 300w, https:\/\/memoriadaculturaesportebsb.com.br\/wp-content\/uploads\/2023\/01\/Isabel2-1024x671.jpeg 1024w, https:\/\/memoriadaculturaesportebsb.com.br\/wp-content\/uploads\/2023\/01\/Isabel2-768x503.jpeg 768w\" sizes=\"auto, (max-width: 1080px) 100vw, 1080px\" \/><figcaption id=\"caption-attachment-796\" class=\"wp-caption-text\">Moa, Rog\u00e9rio e Isabel do V\u00f4lei &#8211; Foto: GDF<\/figcaption><\/figure>\n<p>A atleta Isabel do V\u00f4lei foi convidada para participar da abertura. Muito simp\u00e1tica, atendeu aos pedidos de aut\u00f3grafos e tratou os alunos com muita simpatia ao responder perguntas. Com o seu falecimento prestamos uma homenagem para lembrar da passagem da atleta pelo Cruzeiro.<\/p>\n<figure id=\"attachment_797\" aria-describedby=\"caption-attachment-797\" style=\"width: 1080px\" class=\"wp-caption alignnone\"><img loading=\"lazy\" decoding=\"async\" class=\"size-full wp-image-797\" src=\"https:\/\/memoriadaculturaesportebsb.com.br\/final\/wp-content\/uploads\/2023\/01\/Isabel3.jpeg\" alt=\"\" width=\"1080\" height=\"692\" srcset=\"https:\/\/memoriadaculturaesportebsb.com.br\/wp-content\/uploads\/2023\/01\/Isabel3.jpeg 1080w, https:\/\/memoriadaculturaesportebsb.com.br\/wp-content\/uploads\/2023\/01\/Isabel3-300x192.jpeg 300w, https:\/\/memoriadaculturaesportebsb.com.br\/wp-content\/uploads\/2023\/01\/Isabel3-1024x656.jpeg 1024w, https:\/\/memoriadaculturaesportebsb.com.br\/wp-content\/uploads\/2023\/01\/Isabel3-768x492.jpeg 768w\" sizes=\"auto, (max-width: 1080px) 100vw, 1080px\" \/><figcaption id=\"caption-attachment-797\" class=\"wp-caption-text\">Isabel na Aruc &#8211; Foto: GDF<\/figcaption><\/figure>\n<p><strong>Isabel do V\u00f4lei<\/strong><\/p>\n<p>Isabel Salgado, conhecida como Isabel do v\u00f4lei, morreu aos 62 anos de idade. Ela \u00e9 considerada um dos \u00edcones da modalidade esportiva no pa\u00eds, com carreira nas quadras e tamb\u00e9m na areia. Como atuava na sele\u00e7\u00e3o feminina de v\u00f4lei j\u00e1 na d\u00e9cada de 1980, acabou abrindo as portas para mulheres no esporte.<\/p>\n<figure id=\"attachment_798\" aria-describedby=\"caption-attachment-798\" style=\"width: 1044px\" class=\"wp-caption alignnone\"><img loading=\"lazy\" decoding=\"async\" class=\"size-full wp-image-798\" src=\"https:\/\/memoriadaculturaesportebsb.com.br\/final\/wp-content\/uploads\/2023\/01\/Isabel4.jpeg\" alt=\"\" width=\"1044\" height=\"1536\" srcset=\"https:\/\/memoriadaculturaesportebsb.com.br\/wp-content\/uploads\/2023\/01\/Isabel4.jpeg 1044w, https:\/\/memoriadaculturaesportebsb.com.br\/wp-content\/uploads\/2023\/01\/Isabel4-204x300.jpeg 204w, https:\/\/memoriadaculturaesportebsb.com.br\/wp-content\/uploads\/2023\/01\/Isabel4-696x1024.jpeg 696w, https:\/\/memoriadaculturaesportebsb.com.br\/wp-content\/uploads\/2023\/01\/Isabel4-768x1130.jpeg 768w\" sizes=\"auto, (max-width: 1044px) 100vw, 1044px\" \/><figcaption id=\"caption-attachment-798\" class=\"wp-caption-text\">Berenice, Isabel do V\u00f4lei, Moa, Odilon e Jo\u00e3o Mendon\u00e7a na Aruc &#8211; Foto: GDF<\/figcaption><\/figure>\n<p>A atleta chegou a disputar duas olimp\u00edadas com a sele\u00e7\u00e3o brasileira de v\u00f4lei de quadra: a de Moscou, na extinta Uni\u00e3o das Rep\u00fablicas Socialistas Sovi\u00e9ticas (1980), e a de Los Angeles, nos Estados Unidos (1984). Na d\u00e9cada de 1990, ela migrou para o v\u00f4lei de areia e foi uma das pioneiras da modalidade no mundo. Apesar de n\u00e3o ter sido vitoriosa nas olimp\u00edadas, ela foi dona de seis medalhas em mundiais.<\/p>\n<p>Fonte: G1<\/p>\n","protected":false},"excerpt":{"rendered":"<p>Isabel do V\u00f4lei na Aruc:&nbsp;Em 1990 a Aruc firmou parceria com DEFER e a Funda\u00e7\u00e3o OK para realiza\u00e7\u00e3o do Projeto Ok\/DEFER nas instala\u00e7\u00f5es da Aruc, nas modalidades de futsal, futebol, handebol, voleibol. Sem cobran\u00e7a de taxas e com lanche para os participantes, o programa atendeu mais de 400 alunos da rede p\u00fablica de ensino do &hellip;<\/p>\n","protected":false},"author":1,"featured_media":795,"comment_status":"closed","ping_status":"closed","sticky":false,"template":"","format":"standard","meta":{"footnotes":""},"categories":[4],"tags":[],"class_list":["post-794","post","type-post","status-publish","format-standard","has-post-thumbnail","","category-esporte"],"_links":{"self":[{"href":"https:\/\/memoriadaculturaesportebsb.com.br\/index.php\/wp-json\/wp\/v2\/posts\/794","targetHints":{"allow":["GET"]}}],"collection":[{"href":"https:\/\/memoriadaculturaesportebsb.com.br\/index.php\/wp-json\/wp\/v2\/posts"}],"about":[{"href":"https:\/\/memoriadaculturaesportebsb.com.br\/index.php\/wp-json\/wp\/v2\/types\/post"}],"author":[{"embeddable":true,"href":"https:\/\/memoriadaculturaesportebsb.com.br\/index.php\/wp-json\/wp\/v2\/users\/1"}],"replies":[{"embeddable":true,"href":"https:\/\/memoriadaculturaesportebsb.com.br\/index.php\/wp-json\/wp\/v2\/comments?post=794"}],"version-history":[{"count":2,"href":"https:\/\/memoriadaculturaesportebsb.com.br\/index.php\/wp-json\/wp\/v2\/posts\/794\/revisions"}],"predecessor-version":[{"id":1104,"href":"https:\/\/memoriadaculturaesportebsb.com.br\/index.php\/wp-json\/wp\/v2\/posts\/794\/revisions\/1104"}],"wp:featuredmedia":[{"embeddable":true,"href":"https:\/\/memoriadaculturaesportebsb.com.br\/index.php\/wp-json\/wp\/v2\/media\/795"}],"wp:attachment":[{"href":"https:\/\/memoriadaculturaesportebsb.com.br\/index.php\/wp-json\/wp\/v2\/media?parent=794"}],"wp:term":[{"taxonomy":"category","embeddable":true,"href":"https:\/\/memoriadaculturaesportebsb.com.br\/index.php\/wp-json\/wp\/v2\/categories?post=794"},{"taxonomy":"post_tag","embeddable":true,"href":"https:\/\/memoriadaculturaesportebsb.com.br\/index.php\/wp-json\/wp\/v2\/tags?post=794"}],"curies":[{"name":"wp","href":"https:\/\/api.w.org\/{rel}","templated":true}]}}