{"id":792,"date":"2022-11-27T07:28:17","date_gmt":"2022-11-27T10:28:17","guid":{"rendered":"https:\/\/memoriadaculturaesportebsb.com.br\/final\/?p=792"},"modified":"2023-01-30T07:30:12","modified_gmt":"2023-01-30T10:30:12","slug":"futebol-do-df-gama-e-campeao-brasileiro-da-serie-b-em-1998","status":"publish","type":"post","link":"https:\/\/memoriadaculturaesportebsb.com.br\/index.php\/2022\/11\/27\/futebol-do-df-gama-e-campeao-brasileiro-da-serie-b-em-1998\/","title":{"rendered":"Futebol do DF: Gama \u00e9 campe\u00e3o brasileiro da s\u00e9rie B em 1998"},"content":{"rendered":"<p>Em 20 de dezembro 1998, a Sociedade Esportiva do Gama faturou o maior t\u00edtulo de sua hist\u00f3ria: a S\u00e9rie B do Campeonato Brasileiro. Ausente na primeira divis\u00e3o desde 1986, a capital do pa\u00eds voltava a ter um time na elite nacional ap\u00f3s a vit\u00f3ria por 3 x 0 sobre o Londrina, num velho est\u00e1dio Man\u00e9 Garrincha abarrotado.<\/p>\n<p>Confira a reportagem da TV Globo:<\/p>\n<p><iframe loading=\"lazy\" title=\"Gama Campe\u00e3o Brasileiro da S\u00e9rie B de 1998 - DFTV 1\u00aa Edi\u00e7\u00e3o\" width=\"618\" height=\"464\" src=\"https:\/\/www.youtube.com\/embed\/piyJbYTXc_A?feature=oembed\" frameborder=\"0\" allow=\"accelerometer; autoplay; clipboard-write; encrypted-media; gyroscope; picture-in-picture; web-share\" referrerpolicy=\"strict-origin-when-cross-origin\" allowfullscreen><\/iframe><\/p>\n","protected":false},"excerpt":{"rendered":"<p>Em 20 de dezembro 1998, a Sociedade Esportiva do Gama faturou o maior t\u00edtulo de sua hist\u00f3ria: a S\u00e9rie B do Campeonato Brasileiro. Ausente na primeira divis\u00e3o desde 1986, a capital do pa\u00eds voltava a ter um time na elite nacional ap\u00f3s a vit\u00f3ria por 3 x 0 sobre o Londrina, num velho est\u00e1dio Man\u00e9 &hellip;<\/p>\n","protected":false},"author":1,"featured_media":0,"comment_status":"closed","ping_status":"closed","sticky":false,"template":"","format":"standard","meta":{"footnotes":""},"categories":[4],"tags":[],"class_list":["post-792","post","type-post","status-publish","format-standard","","category-esporte"],"_links":{"self":[{"href":"https:\/\/memoriadaculturaesportebsb.com.br\/index.php\/wp-json\/wp\/v2\/posts\/792","targetHints":{"allow":["GET"]}}],"collection":[{"href":"https:\/\/memoriadaculturaesportebsb.com.br\/index.php\/wp-json\/wp\/v2\/posts"}],"about":[{"href":"https:\/\/memoriadaculturaesportebsb.com.br\/index.php\/wp-json\/wp\/v2\/types\/post"}],"author":[{"embeddable":true,"href":"https:\/\/memoriadaculturaesportebsb.com.br\/index.php\/wp-json\/wp\/v2\/users\/1"}],"replies":[{"embeddable":true,"href":"https:\/\/memoriadaculturaesportebsb.com.br\/index.php\/wp-json\/wp\/v2\/comments?post=792"}],"version-history":[{"count":1,"href":"https:\/\/memoriadaculturaesportebsb.com.br\/index.php\/wp-json\/wp\/v2\/posts\/792\/revisions"}],"predecessor-version":[{"id":793,"href":"https:\/\/memoriadaculturaesportebsb.com.br\/index.php\/wp-json\/wp\/v2\/posts\/792\/revisions\/793"}],"wp:attachment":[{"href":"https:\/\/memoriadaculturaesportebsb.com.br\/index.php\/wp-json\/wp\/v2\/media?parent=792"}],"wp:term":[{"taxonomy":"category","embeddable":true,"href":"https:\/\/memoriadaculturaesportebsb.com.br\/index.php\/wp-json\/wp\/v2\/categories?post=792"},{"taxonomy":"post_tag","embeddable":true,"href":"https:\/\/memoriadaculturaesportebsb.com.br\/index.php\/wp-json\/wp\/v2\/tags?post=792"}],"curies":[{"name":"wp","href":"https:\/\/api.w.org\/{rel}","templated":true}]}}