{"id":789,"date":"2022-12-01T07:25:40","date_gmt":"2022-12-01T10:25:40","guid":{"rendered":"https:\/\/memoriadaculturaesportebsb.com.br\/final\/?p=789"},"modified":"2023-02-06T10:46:40","modified_gmt":"2023-02-06T13:46:40","slug":"as-historias-do-helio-foi-um-boxe-que-passou-na-minha-vida","status":"publish","type":"post","link":"https:\/\/memoriadaculturaesportebsb.com.br\/index.php\/2022\/12\/01\/as-historias-do-helio-foi-um-boxe-que-passou-na-minha-vida\/","title":{"rendered":"As hist\u00f3rias do Helio \u2013 Foi um boxe que passou na minha vida"},"content":{"rendered":"<p>Jos\u00e9 Cassimiro da Silva, um dos maiores lutadores de Jud\u00f4 do Mundo, era amigo da minha fam\u00edlia, morava no Cruzeiro Novo. Ele estava sempre com o Vardo, que morava em frente a nossa casa, um colecionador de passarinhos, a exemplo do nosso judoca.<\/p>\n<p>Certa ocasi\u00e3o, um dia de s\u00e1bado, ele me convidou para jogar uma pelada com os seus amigos no Gin\u00e1sio da Pol\u00edcia Federal. Chegando na quadra, me colocaram no gol e at\u00e9 que deu para quebrar um galho. Ao sair da pelada, Cassimiro me chamou para passar na Academia do Waldemar Santana para conhec\u00ea-lo. O papo foi legal e ele me indicou uma academia de boxe na antiga quadra 30 (atual 6) no Cruzeiro.<\/p>\n<p>Fui por curiosidade e recebi um par de luvas e algumas instru\u00e7\u00f5es. No treino, me colocaram com um garoto da minha idade, me dei bem e depois de um tempo o treinador me colocou para lutar com um mais velho, chamado Geraldo. Eu at\u00e9 achava que tinha come\u00e7ado bem, bati no bra\u00e7o protetor do advers\u00e1rio o que fez com que eu fosse perdendo as for\u00e7as. O advers\u00e1rio aproveitou e deu um cruzado de direita, que at\u00e9 hoje eu sinto a pancada. Fiquei com muita raiva, mas n\u00e3o adiantava e resolvi nunca mais aparecer na academia. Tempos depois, o Cassimiro perguntou como estavam os treinos, disse que estava estudando muito e tinha dado um tempo. Ele me olhou e falou: \u201cacho que voc\u00ea levou algum cruzado\u201d. No fundo, acho que ele sabia, mas na minha cabe\u00e7a boxe nunca mais.<\/p>\n","protected":false},"excerpt":{"rendered":"<p>Jos\u00e9 Cassimiro da Silva, um dos maiores lutadores de Jud\u00f4 do Mundo, era amigo da minha fam\u00edlia, morava no Cruzeiro Novo. Ele estava sempre com o Vardo, que morava em frente a nossa casa, um colecionador de passarinhos, a exemplo do nosso judoca. Certa ocasi\u00e3o, um dia de s\u00e1bado, ele me convidou para jogar uma &hellip;<\/p>\n","protected":false},"author":1,"featured_media":790,"comment_status":"closed","ping_status":"closed","sticky":false,"template":"","format":"standard","meta":{"footnotes":""},"categories":[13,4,16],"tags":[],"class_list":["post-789","post","type-post","status-publish","format-standard","has-post-thumbnail","","category-colunistas","category-esporte","category-helio-tremendani"],"_links":{"self":[{"href":"https:\/\/memoriadaculturaesportebsb.com.br\/index.php\/wp-json\/wp\/v2\/posts\/789","targetHints":{"allow":["GET"]}}],"collection":[{"href":"https:\/\/memoriadaculturaesportebsb.com.br\/index.php\/wp-json\/wp\/v2\/posts"}],"about":[{"href":"https:\/\/memoriadaculturaesportebsb.com.br\/index.php\/wp-json\/wp\/v2\/types\/post"}],"author":[{"embeddable":true,"href":"https:\/\/memoriadaculturaesportebsb.com.br\/index.php\/wp-json\/wp\/v2\/users\/1"}],"replies":[{"embeddable":true,"href":"https:\/\/memoriadaculturaesportebsb.com.br\/index.php\/wp-json\/wp\/v2\/comments?post=789"}],"version-history":[{"count":1,"href":"https:\/\/memoriadaculturaesportebsb.com.br\/index.php\/wp-json\/wp\/v2\/posts\/789\/revisions"}],"predecessor-version":[{"id":791,"href":"https:\/\/memoriadaculturaesportebsb.com.br\/index.php\/wp-json\/wp\/v2\/posts\/789\/revisions\/791"}],"wp:featuredmedia":[{"embeddable":true,"href":"https:\/\/memoriadaculturaesportebsb.com.br\/index.php\/wp-json\/wp\/v2\/media\/790"}],"wp:attachment":[{"href":"https:\/\/memoriadaculturaesportebsb.com.br\/index.php\/wp-json\/wp\/v2\/media?parent=789"}],"wp:term":[{"taxonomy":"category","embeddable":true,"href":"https:\/\/memoriadaculturaesportebsb.com.br\/index.php\/wp-json\/wp\/v2\/categories?post=789"},{"taxonomy":"post_tag","embeddable":true,"href":"https:\/\/memoriadaculturaesportebsb.com.br\/index.php\/wp-json\/wp\/v2\/tags?post=789"}],"curies":[{"name":"wp","href":"https:\/\/api.w.org\/{rel}","templated":true}]}}