{"id":781,"date":"2022-12-11T07:14:16","date_gmt":"2022-12-11T10:14:16","guid":{"rendered":"https:\/\/memoriadaculturaesportebsb.com.br\/final\/?p=781"},"modified":"2023-02-13T22:28:57","modified_gmt":"2023-02-14T01:28:57","slug":"atleta-destaque-moacyr-tremendani-o-popular-melao","status":"publish","type":"post","link":"https:\/\/memoriadaculturaesportebsb.com.br\/index.php\/2022\/12\/11\/atleta-destaque-moacyr-tremendani-o-popular-melao\/","title":{"rendered":"Atleta destaque: Moacyr Tremendani, o popular Mel\u00e3o"},"content":{"rendered":"<p>A hist\u00f3ria do futebol de Bras\u00edlia tem uma passagem muito atuante do meu irm\u00e3o Moacyr, mais conhecido no Cruzeiro como \u201cMel\u00e3o\u201d. Ainda morando no Rio ele chegou a treinar no Fluminense, at\u00e9 que o meu pai foi transferido para Bras\u00edlia, e morando no Cruzeiro Velho foi convidado para jogar na A.E.Cruzeiro do Sul e em 1963 foi campe\u00e3o do DF. No ano seguinte foi para o Rabelo onde tamb\u00e9m conquistou o t\u00edtulo de campe\u00e3o e participou de todas as Sele\u00e7\u00f5es de Brasilia enquanto jogou.<\/p>\n<p><img loading=\"lazy\" decoding=\"async\" class=\"alignnone size-full wp-image-787\" src=\"https:\/\/memoriadaculturaesportebsb.com.br\/wp-content\/uploads\/2023\/01\/Pele_02.jpeg\" alt=\"\" width=\"960\" height=\"941\" srcset=\"https:\/\/memoriadaculturaesportebsb.com.br\/wp-content\/uploads\/2023\/01\/Pele_02.jpeg 960w, https:\/\/memoriadaculturaesportebsb.com.br\/wp-content\/uploads\/2023\/01\/Pele_02-300x294.jpeg 300w, https:\/\/memoriadaculturaesportebsb.com.br\/wp-content\/uploads\/2023\/01\/Pele_02-768x753.jpeg 768w, https:\/\/memoriadaculturaesportebsb.com.br\/wp-content\/uploads\/2023\/01\/Pele_02-70x70.jpeg 70w\" sizes=\"auto, (max-width: 960px) 100vw, 960px\" \/><\/p>\n<p>Atuou e foi capit\u00e3o do jogo Sele\u00e7\u00e3o de Bras\u00edlia 1\u00d75 Santos, marcando Pel\u00e9. Acompanhei a carreira do meu irm\u00e3o desde o in\u00edcio, sendo que tinha uma condi\u00e7\u00e3o para ele me levar\u2026 Eu teria que ficar pr\u00f3ximo das cabines de transmiss\u00e3o das r\u00e1dios, prestando aten\u00e7\u00e3o na narra\u00e7\u00e3o dos jogos, pois quando chegava em casa tinha que contar como foram os coment\u00e1rios a respeito da atua\u00e7\u00e3o dele e em especial se continuavam comparando o estilo de jogo dele ao zagueiro Pav\u00e3o que atuou no Flamengo e Santos.<\/p>\n<p>Acabei tendo a simpatia da equipe de esportes formada por Wanderlei Matos Ricardo Alfredo, S\u00e9rgio e outros. Mel\u00e3o est\u00e1 sempre no Cruzeiro apesar de morar no Guar\u00e1, foi conselheiro da Aruc e fez parte da harmonia nos desfiles da escola de samba.<\/p>\n","protected":false},"excerpt":{"rendered":"<p>A hist\u00f3ria do futebol de Bras\u00edlia tem uma passagem muito atuante do meu irm\u00e3o Moacyr, mais conhecido no Cruzeiro como \u201cMel\u00e3o\u201d. Ainda morando no Rio ele chegou a treinar no Fluminense, at\u00e9 que o meu pai foi transferido para Bras\u00edlia, e morando no Cruzeiro Velho foi convidado para jogar na A.E.Cruzeiro do Sul e em &hellip;<\/p>\n","protected":false},"author":1,"featured_media":1651,"comment_status":"closed","ping_status":"closed","sticky":false,"template":"","format":"standard","meta":{"footnotes":""},"categories":[13,4,16],"tags":[],"class_list":["post-781","post","type-post","status-publish","format-standard","has-post-thumbnail","","category-colunistas","category-esporte","category-helio-tremendani"],"_links":{"self":[{"href":"https:\/\/memoriadaculturaesportebsb.com.br\/index.php\/wp-json\/wp\/v2\/posts\/781","targetHints":{"allow":["GET"]}}],"collection":[{"href":"https:\/\/memoriadaculturaesportebsb.com.br\/index.php\/wp-json\/wp\/v2\/posts"}],"about":[{"href":"https:\/\/memoriadaculturaesportebsb.com.br\/index.php\/wp-json\/wp\/v2\/types\/post"}],"author":[{"embeddable":true,"href":"https:\/\/memoriadaculturaesportebsb.com.br\/index.php\/wp-json\/wp\/v2\/users\/1"}],"replies":[{"embeddable":true,"href":"https:\/\/memoriadaculturaesportebsb.com.br\/index.php\/wp-json\/wp\/v2\/comments?post=781"}],"version-history":[{"count":4,"href":"https:\/\/memoriadaculturaesportebsb.com.br\/index.php\/wp-json\/wp\/v2\/posts\/781\/revisions"}],"predecessor-version":[{"id":1650,"href":"https:\/\/memoriadaculturaesportebsb.com.br\/index.php\/wp-json\/wp\/v2\/posts\/781\/revisions\/1650"}],"wp:featuredmedia":[{"embeddable":true,"href":"https:\/\/memoriadaculturaesportebsb.com.br\/index.php\/wp-json\/wp\/v2\/media\/1651"}],"wp:attachment":[{"href":"https:\/\/memoriadaculturaesportebsb.com.br\/index.php\/wp-json\/wp\/v2\/media?parent=781"}],"wp:term":[{"taxonomy":"category","embeddable":true,"href":"https:\/\/memoriadaculturaesportebsb.com.br\/index.php\/wp-json\/wp\/v2\/categories?post=781"},{"taxonomy":"post_tag","embeddable":true,"href":"https:\/\/memoriadaculturaesportebsb.com.br\/index.php\/wp-json\/wp\/v2\/tags?post=781"}],"curies":[{"name":"wp","href":"https:\/\/api.w.org\/{rel}","templated":true}]}}