{"id":78,"date":"2022-05-19T12:23:26","date_gmt":"2022-05-19T15:23:26","guid":{"rendered":"https:\/\/memoriadaculturaesportebsb.com.br\/final\/?p=78"},"modified":"2023-01-29T21:53:59","modified_gmt":"2023-01-30T00:53:59","slug":"entrevista-guilherme-reis","status":"publish","type":"post","link":"https:\/\/memoriadaculturaesportebsb.com.br\/index.php\/2022\/05\/19\/entrevista-guilherme-reis\/","title":{"rendered":"Entrevista: Guilherme Reis"},"content":{"rendered":"<span class=\"dropcap \">G<\/span>uilherme Reis, ator, diretor, ex-Secret\u00e1rio de Cultura \u2013 fala sobre sua experi\u00eancia nos palcos de Bras\u00edlia, do Festival Cena Contempor\u00e2nea e da sua experi\u00eancia como Secret\u00e1rio de Cultura.<\/p>\n","protected":false},"excerpt":{"rendered":"<p>Guilherme Reis, ator, diretor, ex-Secret\u00e1rio de Cultura \u2013 fala sobre sua experi\u00eancia nos palcos de Bras\u00edlia, do Festival Cena Contempor\u00e2nea e da sua experi\u00eancia como Secret\u00e1rio de Cultura.<\/p>\n","protected":false},"author":1,"featured_media":686,"comment_status":"closed","ping_status":"closed","sticky":false,"template":"","format":"standard","meta":{"footnotes":""},"categories":[6],"tags":[],"class_list":["post-78","post","type-post","status-publish","format-standard","has-post-thumbnail","","category-entrevistas"],"_links":{"self":[{"href":"https:\/\/memoriadaculturaesportebsb.com.br\/index.php\/wp-json\/wp\/v2\/posts\/78","targetHints":{"allow":["GET"]}}],"collection":[{"href":"https:\/\/memoriadaculturaesportebsb.com.br\/index.php\/wp-json\/wp\/v2\/posts"}],"about":[{"href":"https:\/\/memoriadaculturaesportebsb.com.br\/index.php\/wp-json\/wp\/v2\/types\/post"}],"author":[{"embeddable":true,"href":"https:\/\/memoriadaculturaesportebsb.com.br\/index.php\/wp-json\/wp\/v2\/users\/1"}],"replies":[{"embeddable":true,"href":"https:\/\/memoriadaculturaesportebsb.com.br\/index.php\/wp-json\/wp\/v2\/comments?post=78"}],"version-history":[{"count":1,"href":"https:\/\/memoriadaculturaesportebsb.com.br\/index.php\/wp-json\/wp\/v2\/posts\/78\/revisions"}],"predecessor-version":[{"id":79,"href":"https:\/\/memoriadaculturaesportebsb.com.br\/index.php\/wp-json\/wp\/v2\/posts\/78\/revisions\/79"}],"wp:featuredmedia":[{"embeddable":true,"href":"https:\/\/memoriadaculturaesportebsb.com.br\/index.php\/wp-json\/wp\/v2\/media\/686"}],"wp:attachment":[{"href":"https:\/\/memoriadaculturaesportebsb.com.br\/index.php\/wp-json\/wp\/v2\/media?parent=78"}],"wp:term":[{"taxonomy":"category","embeddable":true,"href":"https:\/\/memoriadaculturaesportebsb.com.br\/index.php\/wp-json\/wp\/v2\/categories?post=78"},{"taxonomy":"post_tag","embeddable":true,"href":"https:\/\/memoriadaculturaesportebsb.com.br\/index.php\/wp-json\/wp\/v2\/tags?post=78"}],"curies":[{"name":"wp","href":"https:\/\/api.w.org\/{rel}","templated":true}]}}