{"id":773,"date":"2022-05-03T22:55:00","date_gmt":"2022-05-04T01:55:00","guid":{"rendered":"https:\/\/memoriadaculturaesportebsb.com.br\/final\/?p=773"},"modified":"2023-01-29T22:56:37","modified_gmt":"2023-01-30T01:56:37","slug":"entrevista-dih-ribeiro","status":"publish","type":"post","link":"https:\/\/memoriadaculturaesportebsb.com.br\/index.php\/2022\/05\/03\/entrevista-dih-ribeiro\/","title":{"rendered":"Entrevista: Dih Ribeiro"},"content":{"rendered":"<span class=\"dropcap \">D<\/span>hi Ribeiro \u2013 sambista, cantora \u2013 Carioca de nascimento, baiana de cria\u00e7\u00e3o e brasiliense de cora\u00e7\u00e3o, conta sua trajet\u00f3ria no cen\u00e1rio musical da cidade e sua experi\u00eancia como participante do programa The Voice, da TV Globo, entre outras hist\u00f3rias saborosas.<\/p>\n","protected":false},"excerpt":{"rendered":"<p>Dhi Ribeiro \u2013 sambista, cantora \u2013 Carioca de nascimento, baiana de cria\u00e7\u00e3o e brasiliense de cora\u00e7\u00e3o, conta sua trajet\u00f3ria no cen\u00e1rio musical da cidade e sua experi\u00eancia como participante do programa The Voice, da TV Globo, entre outras hist\u00f3rias saborosas.<\/p>\n","protected":false},"author":1,"featured_media":774,"comment_status":"closed","ping_status":"closed","sticky":false,"template":"","format":"standard","meta":{"footnotes":""},"categories":[6],"tags":[],"class_list":["post-773","post","type-post","status-publish","format-standard","has-post-thumbnail","","category-entrevistas"],"_links":{"self":[{"href":"https:\/\/memoriadaculturaesportebsb.com.br\/index.php\/wp-json\/wp\/v2\/posts\/773","targetHints":{"allow":["GET"]}}],"collection":[{"href":"https:\/\/memoriadaculturaesportebsb.com.br\/index.php\/wp-json\/wp\/v2\/posts"}],"about":[{"href":"https:\/\/memoriadaculturaesportebsb.com.br\/index.php\/wp-json\/wp\/v2\/types\/post"}],"author":[{"embeddable":true,"href":"https:\/\/memoriadaculturaesportebsb.com.br\/index.php\/wp-json\/wp\/v2\/users\/1"}],"replies":[{"embeddable":true,"href":"https:\/\/memoriadaculturaesportebsb.com.br\/index.php\/wp-json\/wp\/v2\/comments?post=773"}],"version-history":[{"count":1,"href":"https:\/\/memoriadaculturaesportebsb.com.br\/index.php\/wp-json\/wp\/v2\/posts\/773\/revisions"}],"predecessor-version":[{"id":775,"href":"https:\/\/memoriadaculturaesportebsb.com.br\/index.php\/wp-json\/wp\/v2\/posts\/773\/revisions\/775"}],"wp:featuredmedia":[{"embeddable":true,"href":"https:\/\/memoriadaculturaesportebsb.com.br\/index.php\/wp-json\/wp\/v2\/media\/774"}],"wp:attachment":[{"href":"https:\/\/memoriadaculturaesportebsb.com.br\/index.php\/wp-json\/wp\/v2\/media?parent=773"}],"wp:term":[{"taxonomy":"category","embeddable":true,"href":"https:\/\/memoriadaculturaesportebsb.com.br\/index.php\/wp-json\/wp\/v2\/categories?post=773"},{"taxonomy":"post_tag","embeddable":true,"href":"https:\/\/memoriadaculturaesportebsb.com.br\/index.php\/wp-json\/wp\/v2\/tags?post=773"}],"curies":[{"name":"wp","href":"https:\/\/api.w.org\/{rel}","templated":true}]}}