{"id":766,"date":"2022-05-03T22:50:18","date_gmt":"2022-05-04T01:50:18","guid":{"rendered":"https:\/\/memoriadaculturaesportebsb.com.br\/final\/?p=766"},"modified":"2023-01-29T22:52:04","modified_gmt":"2023-01-30T01:52:04","slug":"entrevista-celia-rejane","status":"publish","type":"post","link":"https:\/\/memoriadaculturaesportebsb.com.br\/index.php\/2022\/05\/03\/entrevista-celia-rejane\/","title":{"rendered":"Entrevista: C\u00e9lia Rejane"},"content":{"rendered":"<span class=\"dropcap \">N<\/span>ossa entrevistada \u00e9 C\u00e9lia Rejane. Expoente nacional no atletismo e internacional no triatlo. Umas das primeiras mulheres BOPE (Caveira) do Brasil e a primeira a servir nas opera\u00e7\u00f5es. Assista a entrevista desta mulher que sonhou e atingiu seus objetivos esportivos e profissionais. Um exemplo de tenacidade, perseveran\u00e7a e determina\u00e7\u00e3o.<\/p>\n","protected":false},"excerpt":{"rendered":"<p>Nossa entrevistada \u00e9 C\u00e9lia Rejane. Expoente nacional no atletismo e internacional no triatlo. Umas das primeiras mulheres BOPE (Caveira) do Brasil e a primeira a servir nas opera\u00e7\u00f5es. Assista a entrevista desta mulher que sonhou e atingiu seus objetivos esportivos e profissionais. Um exemplo de tenacidade, perseveran\u00e7a e determina\u00e7\u00e3o.<\/p>\n","protected":false},"author":1,"featured_media":767,"comment_status":"closed","ping_status":"closed","sticky":false,"template":"","format":"standard","meta":{"footnotes":""},"categories":[6],"tags":[],"class_list":["post-766","post","type-post","status-publish","format-standard","has-post-thumbnail","","category-entrevistas"],"_links":{"self":[{"href":"https:\/\/memoriadaculturaesportebsb.com.br\/index.php\/wp-json\/wp\/v2\/posts\/766","targetHints":{"allow":["GET"]}}],"collection":[{"href":"https:\/\/memoriadaculturaesportebsb.com.br\/index.php\/wp-json\/wp\/v2\/posts"}],"about":[{"href":"https:\/\/memoriadaculturaesportebsb.com.br\/index.php\/wp-json\/wp\/v2\/types\/post"}],"author":[{"embeddable":true,"href":"https:\/\/memoriadaculturaesportebsb.com.br\/index.php\/wp-json\/wp\/v2\/users\/1"}],"replies":[{"embeddable":true,"href":"https:\/\/memoriadaculturaesportebsb.com.br\/index.php\/wp-json\/wp\/v2\/comments?post=766"}],"version-history":[{"count":1,"href":"https:\/\/memoriadaculturaesportebsb.com.br\/index.php\/wp-json\/wp\/v2\/posts\/766\/revisions"}],"predecessor-version":[{"id":768,"href":"https:\/\/memoriadaculturaesportebsb.com.br\/index.php\/wp-json\/wp\/v2\/posts\/766\/revisions\/768"}],"wp:featuredmedia":[{"embeddable":true,"href":"https:\/\/memoriadaculturaesportebsb.com.br\/index.php\/wp-json\/wp\/v2\/media\/767"}],"wp:attachment":[{"href":"https:\/\/memoriadaculturaesportebsb.com.br\/index.php\/wp-json\/wp\/v2\/media?parent=766"}],"wp:term":[{"taxonomy":"category","embeddable":true,"href":"https:\/\/memoriadaculturaesportebsb.com.br\/index.php\/wp-json\/wp\/v2\/categories?post=766"},{"taxonomy":"post_tag","embeddable":true,"href":"https:\/\/memoriadaculturaesportebsb.com.br\/index.php\/wp-json\/wp\/v2\/tags?post=766"}],"curies":[{"name":"wp","href":"https:\/\/api.w.org\/{rel}","templated":true}]}}