{"id":763,"date":"2022-05-03T22:48:24","date_gmt":"2022-05-04T01:48:24","guid":{"rendered":"https:\/\/memoriadaculturaesportebsb.com.br\/final\/?p=763"},"modified":"2023-02-06T10:14:37","modified_gmt":"2023-02-06T13:14:37","slug":"entrevista-shirlene-coelho-2","status":"publish","type":"post","link":"https:\/\/memoriadaculturaesportebsb.com.br\/index.php\/2022\/05\/03\/entrevista-shirlene-coelho-2\/","title":{"rendered":"Entrevista: Shirlene Coelho"},"content":{"rendered":"<p>Nossa entrevistada \u00e9 Shirlene Coelho recordista mundial e bi campe\u00e3 dos Jogos Paral\u00edmpicos no lan\u00e7amento do dardo. Assista a entrevista e conhe\u00e7a um pouco mais esta hist\u00f3ria, que comprova o ditado: \u201cN\u00e3o sabendo que era imposs\u00edvel, foi l\u00e1 e fez.\u201d<\/p>\n<h3>Ou\u00e7a o podcast da entrevista<\/h3>\n<iframe style=\"max-height:80px;\" src=\"https:\/\/open.spotify.com\/embed\/episode\/2gRhrNLkpudhIYcbkRLpmO?si=d5b0ad0c084d426f?utm_source=generator\" width=\"100%\" height=\"80\" frameBorder=\"0\" allowfullscreen=\"\" allow=\"autoplay; clipboard-write; encrypted-media; fullscreen; picture-in-picture\" loading=\"lazy\"><\/iframe>\n","protected":false},"excerpt":{"rendered":"<p>Nossa entrevistada \u00e9 Shirlene Coelho recordista mundial e bi campe\u00e3 dos Jogos Paral\u00edmpicos no lan\u00e7amento do dardo. Assista a entrevista e conhe\u00e7a um pouco mais esta hist\u00f3ria, que comprova o ditado: \u201cN\u00e3o sabendo que era imposs\u00edvel, foi l\u00e1 e fez.\u201d Ou\u00e7a o podcast da entrevista<\/p>\n","protected":false},"author":1,"featured_media":764,"comment_status":"closed","ping_status":"closed","sticky":false,"template":"","format":"standard","meta":{"footnotes":""},"categories":[6],"tags":[],"class_list":["post-763","post","type-post","status-publish","format-standard","has-post-thumbnail","","category-entrevistas"],"_links":{"self":[{"href":"https:\/\/memoriadaculturaesportebsb.com.br\/index.php\/wp-json\/wp\/v2\/posts\/763","targetHints":{"allow":["GET"]}}],"collection":[{"href":"https:\/\/memoriadaculturaesportebsb.com.br\/index.php\/wp-json\/wp\/v2\/posts"}],"about":[{"href":"https:\/\/memoriadaculturaesportebsb.com.br\/index.php\/wp-json\/wp\/v2\/types\/post"}],"author":[{"embeddable":true,"href":"https:\/\/memoriadaculturaesportebsb.com.br\/index.php\/wp-json\/wp\/v2\/users\/1"}],"replies":[{"embeddable":true,"href":"https:\/\/memoriadaculturaesportebsb.com.br\/index.php\/wp-json\/wp\/v2\/comments?post=763"}],"version-history":[{"count":2,"href":"https:\/\/memoriadaculturaesportebsb.com.br\/index.php\/wp-json\/wp\/v2\/posts\/763\/revisions"}],"predecessor-version":[{"id":1065,"href":"https:\/\/memoriadaculturaesportebsb.com.br\/index.php\/wp-json\/wp\/v2\/posts\/763\/revisions\/1065"}],"wp:featuredmedia":[{"embeddable":true,"href":"https:\/\/memoriadaculturaesportebsb.com.br\/index.php\/wp-json\/wp\/v2\/media\/764"}],"wp:attachment":[{"href":"https:\/\/memoriadaculturaesportebsb.com.br\/index.php\/wp-json\/wp\/v2\/media?parent=763"}],"wp:term":[{"taxonomy":"category","embeddable":true,"href":"https:\/\/memoriadaculturaesportebsb.com.br\/index.php\/wp-json\/wp\/v2\/categories?post=763"},{"taxonomy":"post_tag","embeddable":true,"href":"https:\/\/memoriadaculturaesportebsb.com.br\/index.php\/wp-json\/wp\/v2\/tags?post=763"}],"curies":[{"name":"wp","href":"https:\/\/api.w.org\/{rel}","templated":true}]}}