{"id":760,"date":"2022-05-03T22:44:40","date_gmt":"2022-05-04T01:44:40","guid":{"rendered":"https:\/\/memoriadaculturaesportebsb.com.br\/final\/?p=760"},"modified":"2023-01-29T22:46:09","modified_gmt":"2023-01-30T01:46:09","slug":"entrevista-cesar-castro","status":"publish","type":"post","link":"https:\/\/memoriadaculturaesportebsb.com.br\/index.php\/2022\/05\/03\/entrevista-cesar-castro\/","title":{"rendered":"Entrevista: C\u00e9sar Castro"},"content":{"rendered":"<span class=\"dropcap \">N<\/span>osso entrevistado \u00e9 C\u00e9sar Castro. O maior expoente dos Saltos Ornamentais da hist\u00f3ria Brasileira, com quarto (04) participa\u00e7\u00f5es em Jogos ol\u00edmpicos e duas vezes finalista. Assista a entrevista deste atleta que construiu uma carreira esportiva de sucesso, por mais de uma d\u00e9cada.<\/p>\n","protected":false},"excerpt":{"rendered":"<p>Nosso entrevistado \u00e9 C\u00e9sar Castro. O maior expoente dos Saltos Ornamentais da hist\u00f3ria Brasileira, com quarto (04) participa\u00e7\u00f5es em Jogos ol\u00edmpicos e duas vezes finalista. Assista a entrevista deste atleta que construiu uma carreira esportiva de sucesso, por mais de uma d\u00e9cada.<\/p>\n","protected":false},"author":1,"featured_media":761,"comment_status":"closed","ping_status":"closed","sticky":false,"template":"","format":"standard","meta":{"footnotes":""},"categories":[6],"tags":[],"class_list":["post-760","post","type-post","status-publish","format-standard","has-post-thumbnail","","category-entrevistas"],"_links":{"self":[{"href":"https:\/\/memoriadaculturaesportebsb.com.br\/index.php\/wp-json\/wp\/v2\/posts\/760","targetHints":{"allow":["GET"]}}],"collection":[{"href":"https:\/\/memoriadaculturaesportebsb.com.br\/index.php\/wp-json\/wp\/v2\/posts"}],"about":[{"href":"https:\/\/memoriadaculturaesportebsb.com.br\/index.php\/wp-json\/wp\/v2\/types\/post"}],"author":[{"embeddable":true,"href":"https:\/\/memoriadaculturaesportebsb.com.br\/index.php\/wp-json\/wp\/v2\/users\/1"}],"replies":[{"embeddable":true,"href":"https:\/\/memoriadaculturaesportebsb.com.br\/index.php\/wp-json\/wp\/v2\/comments?post=760"}],"version-history":[{"count":1,"href":"https:\/\/memoriadaculturaesportebsb.com.br\/index.php\/wp-json\/wp\/v2\/posts\/760\/revisions"}],"predecessor-version":[{"id":762,"href":"https:\/\/memoriadaculturaesportebsb.com.br\/index.php\/wp-json\/wp\/v2\/posts\/760\/revisions\/762"}],"wp:featuredmedia":[{"embeddable":true,"href":"https:\/\/memoriadaculturaesportebsb.com.br\/index.php\/wp-json\/wp\/v2\/media\/761"}],"wp:attachment":[{"href":"https:\/\/memoriadaculturaesportebsb.com.br\/index.php\/wp-json\/wp\/v2\/media?parent=760"}],"wp:term":[{"taxonomy":"category","embeddable":true,"href":"https:\/\/memoriadaculturaesportebsb.com.br\/index.php\/wp-json\/wp\/v2\/categories?post=760"},{"taxonomy":"post_tag","embeddable":true,"href":"https:\/\/memoriadaculturaesportebsb.com.br\/index.php\/wp-json\/wp\/v2\/tags?post=760"}],"curies":[{"name":"wp","href":"https:\/\/api.w.org\/{rel}","templated":true}]}}