{"id":755,"date":"2022-05-03T22:42:36","date_gmt":"2022-05-04T01:42:36","guid":{"rendered":"https:\/\/memoriadaculturaesportebsb.com.br\/final\/?p=755"},"modified":"2023-01-29T22:44:12","modified_gmt":"2023-01-30T01:44:12","slug":"entrevista-elizabeth-ribeiro","status":"publish","type":"post","link":"https:\/\/memoriadaculturaesportebsb.com.br\/index.php\/2022\/05\/03\/entrevista-elizabeth-ribeiro\/","title":{"rendered":"Entrevista: Elizabeth Ribeiro"},"content":{"rendered":"<span class=\"dropcap \">N<\/span>ossa entrevistada \u00e9 Elizabeth Ribeiro nossa Beth. Atleta, professora, treinadora, servidora p\u00fablica, empres\u00e1ria. Refer\u00eancia na nata\u00e7\u00e3o. Correspons\u00e1veis pelo momento de ouro do triatlo candango e, como se n\u00e3o bastasse, pioneira no desenvolvimento da nata\u00e7\u00e3o m\u00e1ster em Bras\u00edlia. Assista a entrevista desta mulher que \u00e9 refer\u00eancia nacional de compet\u00eancia.<\/p>\n","protected":false},"excerpt":{"rendered":"<p>Nossa entrevistada \u00e9 Elizabeth Ribeiro nossa Beth. Atleta, professora, treinadora, servidora p\u00fablica, empres\u00e1ria. Refer\u00eancia na nata\u00e7\u00e3o. Correspons\u00e1veis pelo momento de ouro do triatlo candango e, como se n\u00e3o bastasse, pioneira no desenvolvimento da nata\u00e7\u00e3o m\u00e1ster em Bras\u00edlia. Assista a entrevista desta mulher que \u00e9 refer\u00eancia nacional de compet\u00eancia.<\/p>\n","protected":false},"author":1,"featured_media":756,"comment_status":"closed","ping_status":"closed","sticky":false,"template":"","format":"standard","meta":{"footnotes":""},"categories":[6],"tags":[],"class_list":["post-755","post","type-post","status-publish","format-standard","has-post-thumbnail","","category-entrevistas"],"_links":{"self":[{"href":"https:\/\/memoriadaculturaesportebsb.com.br\/index.php\/wp-json\/wp\/v2\/posts\/755","targetHints":{"allow":["GET"]}}],"collection":[{"href":"https:\/\/memoriadaculturaesportebsb.com.br\/index.php\/wp-json\/wp\/v2\/posts"}],"about":[{"href":"https:\/\/memoriadaculturaesportebsb.com.br\/index.php\/wp-json\/wp\/v2\/types\/post"}],"author":[{"embeddable":true,"href":"https:\/\/memoriadaculturaesportebsb.com.br\/index.php\/wp-json\/wp\/v2\/users\/1"}],"replies":[{"embeddable":true,"href":"https:\/\/memoriadaculturaesportebsb.com.br\/index.php\/wp-json\/wp\/v2\/comments?post=755"}],"version-history":[{"count":1,"href":"https:\/\/memoriadaculturaesportebsb.com.br\/index.php\/wp-json\/wp\/v2\/posts\/755\/revisions"}],"predecessor-version":[{"id":757,"href":"https:\/\/memoriadaculturaesportebsb.com.br\/index.php\/wp-json\/wp\/v2\/posts\/755\/revisions\/757"}],"wp:featuredmedia":[{"embeddable":true,"href":"https:\/\/memoriadaculturaesportebsb.com.br\/index.php\/wp-json\/wp\/v2\/media\/756"}],"wp:attachment":[{"href":"https:\/\/memoriadaculturaesportebsb.com.br\/index.php\/wp-json\/wp\/v2\/media?parent=755"}],"wp:term":[{"taxonomy":"category","embeddable":true,"href":"https:\/\/memoriadaculturaesportebsb.com.br\/index.php\/wp-json\/wp\/v2\/categories?post=755"},{"taxonomy":"post_tag","embeddable":true,"href":"https:\/\/memoriadaculturaesportebsb.com.br\/index.php\/wp-json\/wp\/v2\/tags?post=755"}],"curies":[{"name":"wp","href":"https:\/\/api.w.org\/{rel}","templated":true}]}}