{"id":752,"date":"2022-05-03T22:40:35","date_gmt":"2022-05-04T01:40:35","guid":{"rendered":"https:\/\/memoriadaculturaesportebsb.com.br\/final\/?p=752"},"modified":"2023-01-29T22:42:09","modified_gmt":"2023-01-30T01:42:09","slug":"entrevista-ezequias-vasconcelos","status":"publish","type":"post","link":"https:\/\/memoriadaculturaesportebsb.com.br\/index.php\/2022\/05\/03\/entrevista-ezequias-vasconcelos\/","title":{"rendered":"Entrevista: Ezequias Vasconcelos"},"content":{"rendered":"<span class=\"dropcap \">N<\/span>osso entrevistado \u00e9 Ezequias Vasconcelos um dos respons\u00e1veis pela implanta\u00e7\u00e3o do \u201cEix\u00e3o do Lazer\u201d e idealizador das \u201cEscolinhas do DEFER\u201d; Mineiro de Cambuquira chegou \u00e1 Bras\u00edlia no in\u00edcio da d\u00e9cada de 70 e aqui participou ativamente da constru\u00e7\u00e3o da hist\u00f3ria esportiva da nova capital. Assista a entrevista deste servidor p\u00fablico empreendedor.<\/p>\n","protected":false},"excerpt":{"rendered":"<p>Nosso entrevistado \u00e9 Ezequias Vasconcelos um dos respons\u00e1veis pela implanta\u00e7\u00e3o do \u201cEix\u00e3o do Lazer\u201d e idealizador das \u201cEscolinhas do DEFER\u201d; Mineiro de Cambuquira chegou \u00e1 Bras\u00edlia no in\u00edcio da d\u00e9cada de 70 e aqui participou ativamente da constru\u00e7\u00e3o da hist\u00f3ria esportiva da nova capital. Assista a entrevista deste servidor p\u00fablico empreendedor.<\/p>\n","protected":false},"author":1,"featured_media":753,"comment_status":"closed","ping_status":"closed","sticky":false,"template":"","format":"standard","meta":{"footnotes":""},"categories":[6],"tags":[],"class_list":["post-752","post","type-post","status-publish","format-standard","has-post-thumbnail","","category-entrevistas"],"_links":{"self":[{"href":"https:\/\/memoriadaculturaesportebsb.com.br\/index.php\/wp-json\/wp\/v2\/posts\/752","targetHints":{"allow":["GET"]}}],"collection":[{"href":"https:\/\/memoriadaculturaesportebsb.com.br\/index.php\/wp-json\/wp\/v2\/posts"}],"about":[{"href":"https:\/\/memoriadaculturaesportebsb.com.br\/index.php\/wp-json\/wp\/v2\/types\/post"}],"author":[{"embeddable":true,"href":"https:\/\/memoriadaculturaesportebsb.com.br\/index.php\/wp-json\/wp\/v2\/users\/1"}],"replies":[{"embeddable":true,"href":"https:\/\/memoriadaculturaesportebsb.com.br\/index.php\/wp-json\/wp\/v2\/comments?post=752"}],"version-history":[{"count":1,"href":"https:\/\/memoriadaculturaesportebsb.com.br\/index.php\/wp-json\/wp\/v2\/posts\/752\/revisions"}],"predecessor-version":[{"id":754,"href":"https:\/\/memoriadaculturaesportebsb.com.br\/index.php\/wp-json\/wp\/v2\/posts\/752\/revisions\/754"}],"wp:featuredmedia":[{"embeddable":true,"href":"https:\/\/memoriadaculturaesportebsb.com.br\/index.php\/wp-json\/wp\/v2\/media\/753"}],"wp:attachment":[{"href":"https:\/\/memoriadaculturaesportebsb.com.br\/index.php\/wp-json\/wp\/v2\/media?parent=752"}],"wp:term":[{"taxonomy":"category","embeddable":true,"href":"https:\/\/memoriadaculturaesportebsb.com.br\/index.php\/wp-json\/wp\/v2\/categories?post=752"},{"taxonomy":"post_tag","embeddable":true,"href":"https:\/\/memoriadaculturaesportebsb.com.br\/index.php\/wp-json\/wp\/v2\/tags?post=752"}],"curies":[{"name":"wp","href":"https:\/\/api.w.org\/{rel}","templated":true}]}}