{"id":75,"date":"2022-10-14T12:21:01","date_gmt":"2022-10-14T15:21:01","guid":{"rendered":"https:\/\/memoriadaculturaesportebsb.com.br\/final\/?p=75"},"modified":"2023-01-29T21:53:04","modified_gmt":"2023-01-30T00:53:04","slug":"entrevista-milton-cunha","status":"publish","type":"post","link":"https:\/\/memoriadaculturaesportebsb.com.br\/index.php\/2022\/10\/14\/entrevista-milton-cunha\/","title":{"rendered":"Entrevista: Milton Cunha"},"content":{"rendered":"<span class=\"dropcap \">M<\/span>ilton Cunha \u00e9 um carnavalesco, cen\u00f3grafo e comentarista de carnaval brasileiro. Grande \u00edcone da festa popular mais importante do pa\u00eds concedeu entrevista exclusiva ao Portal Mem\u00f3rias da Cultura e do Esporte de Bras\u00edlia e falou sobre as perspectivas de retorno dos desfiles de escolas de samba \u00e0 capital federal.<\/p>\n","protected":false},"excerpt":{"rendered":"<p>Milton Cunha \u00e9 um carnavalesco, cen\u00f3grafo e comentarista de carnaval brasileiro. Grande \u00edcone da festa popular mais importante do pa\u00eds concedeu entrevista exclusiva ao Portal Mem\u00f3rias da Cultura e do Esporte de Bras\u00edlia e falou sobre as perspectivas de retorno dos desfiles de escolas de samba \u00e0 capital federal.<\/p>\n","protected":false},"author":1,"featured_media":687,"comment_status":"closed","ping_status":"closed","sticky":false,"template":"","format":"standard","meta":{"footnotes":""},"categories":[6],"tags":[],"class_list":["post-75","post","type-post","status-publish","format-standard","has-post-thumbnail","","category-entrevistas"],"_links":{"self":[{"href":"https:\/\/memoriadaculturaesportebsb.com.br\/index.php\/wp-json\/wp\/v2\/posts\/75","targetHints":{"allow":["GET"]}}],"collection":[{"href":"https:\/\/memoriadaculturaesportebsb.com.br\/index.php\/wp-json\/wp\/v2\/posts"}],"about":[{"href":"https:\/\/memoriadaculturaesportebsb.com.br\/index.php\/wp-json\/wp\/v2\/types\/post"}],"author":[{"embeddable":true,"href":"https:\/\/memoriadaculturaesportebsb.com.br\/index.php\/wp-json\/wp\/v2\/users\/1"}],"replies":[{"embeddable":true,"href":"https:\/\/memoriadaculturaesportebsb.com.br\/index.php\/wp-json\/wp\/v2\/comments?post=75"}],"version-history":[{"count":1,"href":"https:\/\/memoriadaculturaesportebsb.com.br\/index.php\/wp-json\/wp\/v2\/posts\/75\/revisions"}],"predecessor-version":[{"id":77,"href":"https:\/\/memoriadaculturaesportebsb.com.br\/index.php\/wp-json\/wp\/v2\/posts\/75\/revisions\/77"}],"wp:featuredmedia":[{"embeddable":true,"href":"https:\/\/memoriadaculturaesportebsb.com.br\/index.php\/wp-json\/wp\/v2\/media\/687"}],"wp:attachment":[{"href":"https:\/\/memoriadaculturaesportebsb.com.br\/index.php\/wp-json\/wp\/v2\/media?parent=75"}],"wp:term":[{"taxonomy":"category","embeddable":true,"href":"https:\/\/memoriadaculturaesportebsb.com.br\/index.php\/wp-json\/wp\/v2\/categories?post=75"},{"taxonomy":"post_tag","embeddable":true,"href":"https:\/\/memoriadaculturaesportebsb.com.br\/index.php\/wp-json\/wp\/v2\/tags?post=75"}],"curies":[{"name":"wp","href":"https:\/\/api.w.org\/{rel}","templated":true}]}}