{"id":743,"date":"2022-05-30T22:34:42","date_gmt":"2022-05-31T01:34:42","guid":{"rendered":"https:\/\/memoriadaculturaesportebsb.com.br\/final\/?p=743"},"modified":"2023-04-27T16:27:36","modified_gmt":"2023-04-27T19:27:36","slug":"entrevista-helio-dos-santos","status":"publish","type":"post","link":"https:\/\/memoriadaculturaesportebsb.com.br\/index.php\/2022\/05\/30\/entrevista-helio-dos-santos\/","title":{"rendered":"Entrevista: H\u00e9lio dos Santos"},"content":{"rendered":"<span class=\"dropcap \">N<\/span>osso entrevistado \u00e9 H\u00e9lio dos Santos. Ex atleta de atletismo, futsal, handball e basquete. Ex Presidente da ARUC \u2013 Associa\u00e7\u00e3o Recreativa Cultural Unidos do Cruzeiro e uma refer\u00eancia na comunidade e em Bras\u00edlia, atuando como gestor esportivo e ativista cultural. Assista a entrevista desta personalidade, que nos conta p\u00e9rolas do esporte e da cultura, desde os prim\u00f3rdios da Capital Federal.<\/p>\n","protected":false},"excerpt":{"rendered":"<p>Nosso entrevistado \u00e9 H\u00e9lio dos Santos. Ex atleta de atletismo, futsal, handball e basquete. Ex Presidente da ARUC \u2013 Associa\u00e7\u00e3o Recreativa Cultural Unidos do Cruzeiro e uma refer\u00eancia na comunidade e em Bras\u00edlia, atuando como gestor esportivo e ativista cultural. Assista a entrevista desta personalidade, que nos conta p\u00e9rolas do esporte e da cultura, desde &hellip;<\/p>\n","protected":false},"author":1,"featured_media":744,"comment_status":"closed","ping_status":"closed","sticky":false,"template":"","format":"standard","meta":{"footnotes":""},"categories":[6],"tags":[],"class_list":["post-743","post","type-post","status-publish","format-standard","has-post-thumbnail","","category-entrevistas"],"_links":{"self":[{"href":"https:\/\/memoriadaculturaesportebsb.com.br\/index.php\/wp-json\/wp\/v2\/posts\/743","targetHints":{"allow":["GET"]}}],"collection":[{"href":"https:\/\/memoriadaculturaesportebsb.com.br\/index.php\/wp-json\/wp\/v2\/posts"}],"about":[{"href":"https:\/\/memoriadaculturaesportebsb.com.br\/index.php\/wp-json\/wp\/v2\/types\/post"}],"author":[{"embeddable":true,"href":"https:\/\/memoriadaculturaesportebsb.com.br\/index.php\/wp-json\/wp\/v2\/users\/1"}],"replies":[{"embeddable":true,"href":"https:\/\/memoriadaculturaesportebsb.com.br\/index.php\/wp-json\/wp\/v2\/comments?post=743"}],"version-history":[{"count":1,"href":"https:\/\/memoriadaculturaesportebsb.com.br\/index.php\/wp-json\/wp\/v2\/posts\/743\/revisions"}],"predecessor-version":[{"id":745,"href":"https:\/\/memoriadaculturaesportebsb.com.br\/index.php\/wp-json\/wp\/v2\/posts\/743\/revisions\/745"}],"wp:featuredmedia":[{"embeddable":true,"href":"https:\/\/memoriadaculturaesportebsb.com.br\/index.php\/wp-json\/wp\/v2\/media\/744"}],"wp:attachment":[{"href":"https:\/\/memoriadaculturaesportebsb.com.br\/index.php\/wp-json\/wp\/v2\/media?parent=743"}],"wp:term":[{"taxonomy":"category","embeddable":true,"href":"https:\/\/memoriadaculturaesportebsb.com.br\/index.php\/wp-json\/wp\/v2\/categories?post=743"},{"taxonomy":"post_tag","embeddable":true,"href":"https:\/\/memoriadaculturaesportebsb.com.br\/index.php\/wp-json\/wp\/v2\/tags?post=743"}],"curies":[{"name":"wp","href":"https:\/\/api.w.org\/{rel}","templated":true}]}}