{"id":737,"date":"2022-05-03T22:30:21","date_gmt":"2022-05-04T01:30:21","guid":{"rendered":"https:\/\/memoriadaculturaesportebsb.com.br\/final\/?p=737"},"modified":"2023-02-06T10:16:21","modified_gmt":"2023-02-06T13:16:21","slug":"entrevista-janette-dornellas","status":"publish","type":"post","link":"https:\/\/memoriadaculturaesportebsb.com.br\/index.php\/2022\/05\/03\/entrevista-janette-dornellas\/","title":{"rendered":"Entrevista: Janette Dornellas"},"content":{"rendered":"<span class=\"dropcap \">J<\/span>anette Dornellas, cantora l\u00edrica \u2013 Soprano, integrante da Orquestra Sinf\u00f4nica do Teatro Nacional, fala sobre o cen\u00e1rio da m\u00fasica cl\u00e1ssica na cidade e sobre sua experi\u00eancia no resgate da hist\u00f3ria da \u00f3pera em Bras\u00edlia.<\/p>\n<h3>Ou\u00e7a o podcast da entrevista<\/h3>\n<iframe style=\"max-height:80px;\" src=\"https:\/\/open.spotify.com\/embed\/episode\/3rAsvYaEtwBwxMojuBYLra?si=7a4ae868f7584d13?utm_source=generator\" width=\"100%\" height=\"80\" frameBorder=\"0\" allowfullscreen=\"\" allow=\"autoplay; clipboard-write; encrypted-media; fullscreen; picture-in-picture\" loading=\"lazy\"><\/iframe>\n","protected":false},"excerpt":{"rendered":"<p>Janette Dornellas, cantora l\u00edrica \u2013 Soprano, integrante da Orquestra Sinf\u00f4nica do Teatro Nacional, fala sobre o cen\u00e1rio da m\u00fasica cl\u00e1ssica na cidade e sobre sua experi\u00eancia no resgate da hist\u00f3ria da \u00f3pera em Bras\u00edlia. Ou\u00e7a o podcast da entrevista<\/p>\n","protected":false},"author":1,"featured_media":738,"comment_status":"closed","ping_status":"closed","sticky":false,"template":"","format":"standard","meta":{"footnotes":""},"categories":[6],"tags":[],"class_list":["post-737","post","type-post","status-publish","format-standard","has-post-thumbnail","","category-entrevistas"],"_links":{"self":[{"href":"https:\/\/memoriadaculturaesportebsb.com.br\/index.php\/wp-json\/wp\/v2\/posts\/737","targetHints":{"allow":["GET"]}}],"collection":[{"href":"https:\/\/memoriadaculturaesportebsb.com.br\/index.php\/wp-json\/wp\/v2\/posts"}],"about":[{"href":"https:\/\/memoriadaculturaesportebsb.com.br\/index.php\/wp-json\/wp\/v2\/types\/post"}],"author":[{"embeddable":true,"href":"https:\/\/memoriadaculturaesportebsb.com.br\/index.php\/wp-json\/wp\/v2\/users\/1"}],"replies":[{"embeddable":true,"href":"https:\/\/memoriadaculturaesportebsb.com.br\/index.php\/wp-json\/wp\/v2\/comments?post=737"}],"version-history":[{"count":3,"href":"https:\/\/memoriadaculturaesportebsb.com.br\/index.php\/wp-json\/wp\/v2\/posts\/737\/revisions"}],"predecessor-version":[{"id":1069,"href":"https:\/\/memoriadaculturaesportebsb.com.br\/index.php\/wp-json\/wp\/v2\/posts\/737\/revisions\/1069"}],"wp:featuredmedia":[{"embeddable":true,"href":"https:\/\/memoriadaculturaesportebsb.com.br\/index.php\/wp-json\/wp\/v2\/media\/738"}],"wp:attachment":[{"href":"https:\/\/memoriadaculturaesportebsb.com.br\/index.php\/wp-json\/wp\/v2\/media?parent=737"}],"wp:term":[{"taxonomy":"category","embeddable":true,"href":"https:\/\/memoriadaculturaesportebsb.com.br\/index.php\/wp-json\/wp\/v2\/categories?post=737"},{"taxonomy":"post_tag","embeddable":true,"href":"https:\/\/memoriadaculturaesportebsb.com.br\/index.php\/wp-json\/wp\/v2\/tags?post=737"}],"curies":[{"name":"wp","href":"https:\/\/api.w.org\/{rel}","templated":true}]}}