{"id":734,"date":"2022-05-03T22:27:59","date_gmt":"2022-05-04T01:27:59","guid":{"rendered":"https:\/\/memoriadaculturaesportebsb.com.br\/final\/?p=734"},"modified":"2023-02-06T10:16:50","modified_gmt":"2023-02-06T13:16:50","slug":"entrevista-joao-sena","status":"publish","type":"post","link":"https:\/\/memoriadaculturaesportebsb.com.br\/index.php\/2022\/05\/03\/entrevista-joao-sena\/","title":{"rendered":"Entrevista: Jo\u00e3o Sena"},"content":{"rendered":"<span class=\"dropcap \">N<\/span>osso entrevistado \u00e9 Jo\u00e3o Sena um incans\u00e1vel papa t\u00edtulos. Treinador de tr\u00eas gera\u00e7\u00f5es campe\u00e3s. Qual o segredo? Assista a entrevista deste Piauiense, que adotou Sobradinho como sua morada e de l\u00e1 desenvolveu atletas ol\u00edmpicos e medalhistas em mundiais.<\/p>\n<h3>Ou\u00e7a o podcast da entrevista<\/h3>\n<iframe style=\"max-height:80px;\" src=\"https:\/\/open.spotify.com\/embed\/episode\/2MKaazOpNqfoENJZtYnuAc?si=a11f0689ce724450?utm_source=generator\" width=\"100%\" height=\"80\" frameBorder=\"0\" allowfullscreen=\"\" allow=\"autoplay; clipboard-write; encrypted-media; fullscreen; picture-in-picture\" loading=\"lazy\"><\/iframe>\n","protected":false},"excerpt":{"rendered":"<p>Nosso entrevistado \u00e9 Jo\u00e3o Sena um incans\u00e1vel papa t\u00edtulos. Treinador de tr\u00eas gera\u00e7\u00f5es campe\u00e3s. Qual o segredo? Assista a entrevista deste Piauiense, que adotou Sobradinho como sua morada e de l\u00e1 desenvolveu atletas ol\u00edmpicos e medalhistas em mundiais. Ou\u00e7a o podcast da entrevista<\/p>\n","protected":false},"author":1,"featured_media":735,"comment_status":"closed","ping_status":"closed","sticky":false,"template":"","format":"standard","meta":{"footnotes":""},"categories":[6],"tags":[],"class_list":["post-734","post","type-post","status-publish","format-standard","has-post-thumbnail","","category-entrevistas"],"_links":{"self":[{"href":"https:\/\/memoriadaculturaesportebsb.com.br\/index.php\/wp-json\/wp\/v2\/posts\/734","targetHints":{"allow":["GET"]}}],"collection":[{"href":"https:\/\/memoriadaculturaesportebsb.com.br\/index.php\/wp-json\/wp\/v2\/posts"}],"about":[{"href":"https:\/\/memoriadaculturaesportebsb.com.br\/index.php\/wp-json\/wp\/v2\/types\/post"}],"author":[{"embeddable":true,"href":"https:\/\/memoriadaculturaesportebsb.com.br\/index.php\/wp-json\/wp\/v2\/users\/1"}],"replies":[{"embeddable":true,"href":"https:\/\/memoriadaculturaesportebsb.com.br\/index.php\/wp-json\/wp\/v2\/comments?post=734"}],"version-history":[{"count":3,"href":"https:\/\/memoriadaculturaesportebsb.com.br\/index.php\/wp-json\/wp\/v2\/posts\/734\/revisions"}],"predecessor-version":[{"id":1071,"href":"https:\/\/memoriadaculturaesportebsb.com.br\/index.php\/wp-json\/wp\/v2\/posts\/734\/revisions\/1071"}],"wp:featuredmedia":[{"embeddable":true,"href":"https:\/\/memoriadaculturaesportebsb.com.br\/index.php\/wp-json\/wp\/v2\/media\/735"}],"wp:attachment":[{"href":"https:\/\/memoriadaculturaesportebsb.com.br\/index.php\/wp-json\/wp\/v2\/media?parent=734"}],"wp:term":[{"taxonomy":"category","embeddable":true,"href":"https:\/\/memoriadaculturaesportebsb.com.br\/index.php\/wp-json\/wp\/v2\/categories?post=734"},{"taxonomy":"post_tag","embeddable":true,"href":"https:\/\/memoriadaculturaesportebsb.com.br\/index.php\/wp-json\/wp\/v2\/tags?post=734"}],"curies":[{"name":"wp","href":"https:\/\/api.w.org\/{rel}","templated":true}]}}