{"id":731,"date":"2022-05-03T22:25:42","date_gmt":"2022-05-04T01:25:42","guid":{"rendered":"https:\/\/memoriadaculturaesportebsb.com.br\/final\/?p=731"},"modified":"2023-02-06T10:17:19","modified_gmt":"2023-02-06T13:17:19","slug":"entrevista-jonas-foca","status":"publish","type":"post","link":"https:\/\/memoriadaculturaesportebsb.com.br\/index.php\/2022\/05\/03\/entrevista-jonas-foca\/","title":{"rendered":"Entrevista: Jonas Foca"},"content":{"rendered":"<span class=\"dropcap \">N<\/span>osso entrevistado \u00e9 Jonas Foca zagueiro 08 vezes campe\u00e3o pelo Bras\u00edlia Esporte Clube. Chegou a Bras\u00edlia nos anos 60. Jogou em campos de terra batida e tamb\u00e9m no Pelez\u00e3o. Assista a entrevista e conhe\u00e7a mais sobre o futebol da rec\u00e9m-constru\u00edda Capital da Rep\u00fablica.<\/p>\n<h3>Ou\u00e7a o podcast da entrevista<\/h3>\n<iframe style=\"max-height:80px;\" src=\"https:\/\/open.spotify.com\/embed\/episode\/4HHuNO8G0ez0euFnagra6Z?si=91fedc998c2045bb?utm_source=generator\" width=\"100%\" height=\"80\" frameBorder=\"0\" allowfullscreen=\"\" allow=\"autoplay; clipboard-write; encrypted-media; fullscreen; picture-in-picture\" loading=\"lazy\"><\/iframe>\n","protected":false},"excerpt":{"rendered":"<p>Nosso entrevistado \u00e9 Jonas Foca zagueiro 08 vezes campe\u00e3o pelo Bras\u00edlia Esporte Clube. Chegou a Bras\u00edlia nos anos 60. Jogou em campos de terra batida e tamb\u00e9m no Pelez\u00e3o. Assista a entrevista e conhe\u00e7a mais sobre o futebol da rec\u00e9m-constru\u00edda Capital da Rep\u00fablica. Ou\u00e7a o podcast da entrevista<\/p>\n","protected":false},"author":1,"featured_media":732,"comment_status":"closed","ping_status":"closed","sticky":false,"template":"","format":"standard","meta":{"footnotes":""},"categories":[3,6],"tags":[],"class_list":["post-731","post","type-post","status-publish","format-standard","has-post-thumbnail","","category-destaque","category-entrevistas"],"_links":{"self":[{"href":"https:\/\/memoriadaculturaesportebsb.com.br\/index.php\/wp-json\/wp\/v2\/posts\/731","targetHints":{"allow":["GET"]}}],"collection":[{"href":"https:\/\/memoriadaculturaesportebsb.com.br\/index.php\/wp-json\/wp\/v2\/posts"}],"about":[{"href":"https:\/\/memoriadaculturaesportebsb.com.br\/index.php\/wp-json\/wp\/v2\/types\/post"}],"author":[{"embeddable":true,"href":"https:\/\/memoriadaculturaesportebsb.com.br\/index.php\/wp-json\/wp\/v2\/users\/1"}],"replies":[{"embeddable":true,"href":"https:\/\/memoriadaculturaesportebsb.com.br\/index.php\/wp-json\/wp\/v2\/comments?post=731"}],"version-history":[{"count":3,"href":"https:\/\/memoriadaculturaesportebsb.com.br\/index.php\/wp-json\/wp\/v2\/posts\/731\/revisions"}],"predecessor-version":[{"id":1073,"href":"https:\/\/memoriadaculturaesportebsb.com.br\/index.php\/wp-json\/wp\/v2\/posts\/731\/revisions\/1073"}],"wp:featuredmedia":[{"embeddable":true,"href":"https:\/\/memoriadaculturaesportebsb.com.br\/index.php\/wp-json\/wp\/v2\/media\/732"}],"wp:attachment":[{"href":"https:\/\/memoriadaculturaesportebsb.com.br\/index.php\/wp-json\/wp\/v2\/media?parent=731"}],"wp:term":[{"taxonomy":"category","embeddable":true,"href":"https:\/\/memoriadaculturaesportebsb.com.br\/index.php\/wp-json\/wp\/v2\/categories?post=731"},{"taxonomy":"post_tag","embeddable":true,"href":"https:\/\/memoriadaculturaesportebsb.com.br\/index.php\/wp-json\/wp\/v2\/tags?post=731"}],"curies":[{"name":"wp","href":"https:\/\/api.w.org\/{rel}","templated":true}]}}