{"id":727,"date":"2022-05-03T22:23:41","date_gmt":"2022-05-04T01:23:41","guid":{"rendered":"https:\/\/memoriadaculturaesportebsb.com.br\/final\/?p=727"},"modified":"2023-02-06T10:17:49","modified_gmt":"2023-02-06T13:17:49","slug":"entrevista-magda-machado","status":"publish","type":"post","link":"https:\/\/memoriadaculturaesportebsb.com.br\/index.php\/2022\/05\/03\/entrevista-magda-machado\/","title":{"rendered":"Entrevista: Magda Machado"},"content":{"rendered":"<span class=\"dropcap \">M<\/span>agda Machado Gomes respons\u00e1vel direta, pela vinda de campeonatos nacionais e internacionais em piscinas e em \u00e1guas abertas. Colocou Bras\u00edlia na rota dos grandes eventos dos desportos aqu\u00e1ticos. Assista a entrevista desta mulher incans\u00e1vel em prol dos desportos aqu\u00e1ticos de Bras\u00edlia e do Brasil.<\/p>\n<h3>Ou\u00e7a o podcast da entrevista<\/h3>\n<iframe style=\"max-height:80px;\" src=\"https:\/\/open.spotify.com\/embed\/episode\/6nrth7bwilsQfK9i3nNKDY?si=b80ac05d45cf47d8?utm_source=generator\" width=\"100%\" height=\"80\" frameBorder=\"0\" allowfullscreen=\"\" allow=\"autoplay; clipboard-write; encrypted-media; fullscreen; picture-in-picture\" loading=\"lazy\"><\/iframe>\n","protected":false},"excerpt":{"rendered":"<p>Magda Machado Gomes respons\u00e1vel direta, pela vinda de campeonatos nacionais e internacionais em piscinas e em \u00e1guas abertas. Colocou Bras\u00edlia na rota dos grandes eventos dos desportos aqu\u00e1ticos. Assista a entrevista desta mulher incans\u00e1vel em prol dos desportos aqu\u00e1ticos de Bras\u00edlia e do Brasil. Ou\u00e7a o podcast da entrevista<\/p>\n","protected":false},"author":1,"featured_media":729,"comment_status":"closed","ping_status":"closed","sticky":false,"template":"","format":"standard","meta":{"footnotes":""},"categories":[6],"tags":[],"class_list":["post-727","post","type-post","status-publish","format-standard","has-post-thumbnail","","category-entrevistas"],"_links":{"self":[{"href":"https:\/\/memoriadaculturaesportebsb.com.br\/index.php\/wp-json\/wp\/v2\/posts\/727","targetHints":{"allow":["GET"]}}],"collection":[{"href":"https:\/\/memoriadaculturaesportebsb.com.br\/index.php\/wp-json\/wp\/v2\/posts"}],"about":[{"href":"https:\/\/memoriadaculturaesportebsb.com.br\/index.php\/wp-json\/wp\/v2\/types\/post"}],"author":[{"embeddable":true,"href":"https:\/\/memoriadaculturaesportebsb.com.br\/index.php\/wp-json\/wp\/v2\/users\/1"}],"replies":[{"embeddable":true,"href":"https:\/\/memoriadaculturaesportebsb.com.br\/index.php\/wp-json\/wp\/v2\/comments?post=727"}],"version-history":[{"count":3,"href":"https:\/\/memoriadaculturaesportebsb.com.br\/index.php\/wp-json\/wp\/v2\/posts\/727\/revisions"}],"predecessor-version":[{"id":1075,"href":"https:\/\/memoriadaculturaesportebsb.com.br\/index.php\/wp-json\/wp\/v2\/posts\/727\/revisions\/1075"}],"wp:featuredmedia":[{"embeddable":true,"href":"https:\/\/memoriadaculturaesportebsb.com.br\/index.php\/wp-json\/wp\/v2\/media\/729"}],"wp:attachment":[{"href":"https:\/\/memoriadaculturaesportebsb.com.br\/index.php\/wp-json\/wp\/v2\/media?parent=727"}],"wp:term":[{"taxonomy":"category","embeddable":true,"href":"https:\/\/memoriadaculturaesportebsb.com.br\/index.php\/wp-json\/wp\/v2\/categories?post=727"},{"taxonomy":"post_tag","embeddable":true,"href":"https:\/\/memoriadaculturaesportebsb.com.br\/index.php\/wp-json\/wp\/v2\/tags?post=727"}],"curies":[{"name":"wp","href":"https:\/\/api.w.org\/{rel}","templated":true}]}}