{"id":724,"date":"2022-05-03T22:21:52","date_gmt":"2022-05-04T01:21:52","guid":{"rendered":"https:\/\/memoriadaculturaesportebsb.com.br\/final\/?p=724"},"modified":"2023-01-29T22:23:33","modified_gmt":"2023-01-30T01:23:33","slug":"entrevista-domingos-guimaraes","status":"publish","type":"post","link":"https:\/\/memoriadaculturaesportebsb.com.br\/index.php\/2022\/05\/03\/entrevista-domingos-guimaraes\/","title":{"rendered":"Entrevista: Domingos Guimar\u00e3es"},"content":{"rendered":"<span class=\"dropcap \">N<\/span>osso entrevistado \u00e9 Domingos Guimar\u00e3es \u2013 o Mingo \u2013 treinador de atletas ol\u00edmpicos e atletas paral\u00edmpicos. Nascido em Minas Gerais chegou a Bras\u00edlia na d\u00e9cada de 70 para fazer hist\u00f3ria. Assista a entrevista deste membro do \u201cquinteto fant\u00e1stico\u201d do CIEF ( Centro Interescolar Elefante Branco)<\/p>\n","protected":false},"excerpt":{"rendered":"<p>Nosso entrevistado \u00e9 Domingos Guimar\u00e3es \u2013 o Mingo \u2013 treinador de atletas ol\u00edmpicos e atletas paral\u00edmpicos. Nascido em Minas Gerais chegou a Bras\u00edlia na d\u00e9cada de 70 para fazer hist\u00f3ria. Assista a entrevista deste membro do \u201cquinteto fant\u00e1stico\u201d do CIEF ( Centro Interescolar Elefante Branco)<\/p>\n","protected":false},"author":1,"featured_media":725,"comment_status":"closed","ping_status":"closed","sticky":false,"template":"","format":"standard","meta":{"footnotes":""},"categories":[6],"tags":[],"class_list":["post-724","post","type-post","status-publish","format-standard","has-post-thumbnail","","category-entrevistas"],"_links":{"self":[{"href":"https:\/\/memoriadaculturaesportebsb.com.br\/index.php\/wp-json\/wp\/v2\/posts\/724","targetHints":{"allow":["GET"]}}],"collection":[{"href":"https:\/\/memoriadaculturaesportebsb.com.br\/index.php\/wp-json\/wp\/v2\/posts"}],"about":[{"href":"https:\/\/memoriadaculturaesportebsb.com.br\/index.php\/wp-json\/wp\/v2\/types\/post"}],"author":[{"embeddable":true,"href":"https:\/\/memoriadaculturaesportebsb.com.br\/index.php\/wp-json\/wp\/v2\/users\/1"}],"replies":[{"embeddable":true,"href":"https:\/\/memoriadaculturaesportebsb.com.br\/index.php\/wp-json\/wp\/v2\/comments?post=724"}],"version-history":[{"count":1,"href":"https:\/\/memoriadaculturaesportebsb.com.br\/index.php\/wp-json\/wp\/v2\/posts\/724\/revisions"}],"predecessor-version":[{"id":726,"href":"https:\/\/memoriadaculturaesportebsb.com.br\/index.php\/wp-json\/wp\/v2\/posts\/724\/revisions\/726"}],"wp:featuredmedia":[{"embeddable":true,"href":"https:\/\/memoriadaculturaesportebsb.com.br\/index.php\/wp-json\/wp\/v2\/media\/725"}],"wp:attachment":[{"href":"https:\/\/memoriadaculturaesportebsb.com.br\/index.php\/wp-json\/wp\/v2\/media?parent=724"}],"wp:term":[{"taxonomy":"category","embeddable":true,"href":"https:\/\/memoriadaculturaesportebsb.com.br\/index.php\/wp-json\/wp\/v2\/categories?post=724"},{"taxonomy":"post_tag","embeddable":true,"href":"https:\/\/memoriadaculturaesportebsb.com.br\/index.php\/wp-json\/wp\/v2\/tags?post=724"}],"curies":[{"name":"wp","href":"https:\/\/api.w.org\/{rel}","templated":true}]}}