{"id":721,"date":"2022-05-03T22:19:49","date_gmt":"2022-05-04T01:19:49","guid":{"rendered":"https:\/\/memoriadaculturaesportebsb.com.br\/final\/?p=721"},"modified":"2023-02-06T10:18:32","modified_gmt":"2023-02-06T13:18:32","slug":"entrevista-orlando-brito","status":"publish","type":"post","link":"https:\/\/memoriadaculturaesportebsb.com.br\/index.php\/2022\/05\/03\/entrevista-orlando-brito\/","title":{"rendered":"Entrevista: Orlando Brito"},"content":{"rendered":"<span class=\"dropcap \">O<\/span>rlando Brito, fot\u00f3grafo \u2013 Um dos mais conceituados fot\u00f3grafos de Bras\u00edlia e do Brasil, clicou todos os presidentes da Rep\u00fablica, de Castelo Branco a Jair Bolsonaro, conta suas hist\u00f3rias pelos gabinetes do poder.<\/p>\n<h3>Ou\u00e7a o podcast da entrevista<\/h3>\n<iframe style=\"max-height:80px;\" src=\"https:\/\/open.spotify.com\/embed\/episode\/0c0CJ6XAK8q5TDD3BlpCuu?si=db593f8d928848ad?utm_source=generator\" width=\"100%\" height=\"80\" frameBorder=\"0\" allowfullscreen=\"\" allow=\"autoplay; clipboard-write; encrypted-media; fullscreen; picture-in-picture\" loading=\"lazy\"><\/iframe>\n","protected":false},"excerpt":{"rendered":"<p>Orlando Brito, fot\u00f3grafo \u2013 Um dos mais conceituados fot\u00f3grafos de Bras\u00edlia e do Brasil, clicou todos os presidentes da Rep\u00fablica, de Castelo Branco a Jair Bolsonaro, conta suas hist\u00f3rias pelos gabinetes do poder. Ou\u00e7a o podcast da entrevista<\/p>\n","protected":false},"author":1,"featured_media":959,"comment_status":"closed","ping_status":"closed","sticky":false,"template":"","format":"standard","meta":{"footnotes":""},"categories":[3,6],"tags":[],"class_list":["post-721","post","type-post","status-publish","format-standard","has-post-thumbnail","","category-destaque","category-entrevistas"],"_links":{"self":[{"href":"https:\/\/memoriadaculturaesportebsb.com.br\/index.php\/wp-json\/wp\/v2\/posts\/721","targetHints":{"allow":["GET"]}}],"collection":[{"href":"https:\/\/memoriadaculturaesportebsb.com.br\/index.php\/wp-json\/wp\/v2\/posts"}],"about":[{"href":"https:\/\/memoriadaculturaesportebsb.com.br\/index.php\/wp-json\/wp\/v2\/types\/post"}],"author":[{"embeddable":true,"href":"https:\/\/memoriadaculturaesportebsb.com.br\/index.php\/wp-json\/wp\/v2\/users\/1"}],"replies":[{"embeddable":true,"href":"https:\/\/memoriadaculturaesportebsb.com.br\/index.php\/wp-json\/wp\/v2\/comments?post=721"}],"version-history":[{"count":3,"href":"https:\/\/memoriadaculturaesportebsb.com.br\/index.php\/wp-json\/wp\/v2\/posts\/721\/revisions"}],"predecessor-version":[{"id":1077,"href":"https:\/\/memoriadaculturaesportebsb.com.br\/index.php\/wp-json\/wp\/v2\/posts\/721\/revisions\/1077"}],"wp:featuredmedia":[{"embeddable":true,"href":"https:\/\/memoriadaculturaesportebsb.com.br\/index.php\/wp-json\/wp\/v2\/media\/959"}],"wp:attachment":[{"href":"https:\/\/memoriadaculturaesportebsb.com.br\/index.php\/wp-json\/wp\/v2\/media?parent=721"}],"wp:term":[{"taxonomy":"category","embeddable":true,"href":"https:\/\/memoriadaculturaesportebsb.com.br\/index.php\/wp-json\/wp\/v2\/categories?post=721"},{"taxonomy":"post_tag","embeddable":true,"href":"https:\/\/memoriadaculturaesportebsb.com.br\/index.php\/wp-json\/wp\/v2\/tags?post=721"}],"curies":[{"name":"wp","href":"https:\/\/api.w.org\/{rel}","templated":true}]}}