{"id":718,"date":"2022-05-03T22:17:23","date_gmt":"2022-05-04T01:17:23","guid":{"rendered":"https:\/\/memoriadaculturaesportebsb.com.br\/final\/?p=718"},"modified":"2023-02-06T10:19:02","modified_gmt":"2023-02-06T13:19:02","slug":"entrevista-paulinho-andrade","status":"publish","type":"post","link":"https:\/\/memoriadaculturaesportebsb.com.br\/index.php\/2022\/05\/03\/entrevista-paulinho-andrade\/","title":{"rendered":"Entrevista: Paulinho Andrade"},"content":{"rendered":"<span class=\"dropcap \">P<\/span>aulinho Andrade, artista pl\u00e1stico \u2013 autor de importantes trabalhos de artes pl\u00e1sticas e gr\u00e1ficas registra o cen\u00e1rio das artes pl\u00e1sticas na cidade.<\/p>\n<h3>Ou\u00e7a o podcast da entrevista<\/h3>\n<iframe style=\"max-height:80px;\" src=\"https:\/\/open.spotify.com\/embed\/episode\/1qoDIPU20ehu11Hpe3bj93?si=9c29ebfdd63e4cd8?utm_source=generator\" width=\"100%\" height=\"80\" frameBorder=\"0\" allowfullscreen=\"\" allow=\"autoplay; clipboard-write; encrypted-media; fullscreen; picture-in-picture\" loading=\"lazy\"><\/iframe>\n","protected":false},"excerpt":{"rendered":"<p>Paulinho Andrade, artista pl\u00e1stico \u2013 autor de importantes trabalhos de artes pl\u00e1sticas e gr\u00e1ficas registra o cen\u00e1rio das artes pl\u00e1sticas na cidade. Ou\u00e7a o podcast da entrevista<\/p>\n","protected":false},"author":1,"featured_media":719,"comment_status":"closed","ping_status":"closed","sticky":false,"template":"","format":"standard","meta":{"footnotes":""},"categories":[6],"tags":[],"class_list":["post-718","post","type-post","status-publish","format-standard","has-post-thumbnail","","category-entrevistas"],"_links":{"self":[{"href":"https:\/\/memoriadaculturaesportebsb.com.br\/index.php\/wp-json\/wp\/v2\/posts\/718","targetHints":{"allow":["GET"]}}],"collection":[{"href":"https:\/\/memoriadaculturaesportebsb.com.br\/index.php\/wp-json\/wp\/v2\/posts"}],"about":[{"href":"https:\/\/memoriadaculturaesportebsb.com.br\/index.php\/wp-json\/wp\/v2\/types\/post"}],"author":[{"embeddable":true,"href":"https:\/\/memoriadaculturaesportebsb.com.br\/index.php\/wp-json\/wp\/v2\/users\/1"}],"replies":[{"embeddable":true,"href":"https:\/\/memoriadaculturaesportebsb.com.br\/index.php\/wp-json\/wp\/v2\/comments?post=718"}],"version-history":[{"count":3,"href":"https:\/\/memoriadaculturaesportebsb.com.br\/index.php\/wp-json\/wp\/v2\/posts\/718\/revisions"}],"predecessor-version":[{"id":1079,"href":"https:\/\/memoriadaculturaesportebsb.com.br\/index.php\/wp-json\/wp\/v2\/posts\/718\/revisions\/1079"}],"wp:featuredmedia":[{"embeddable":true,"href":"https:\/\/memoriadaculturaesportebsb.com.br\/index.php\/wp-json\/wp\/v2\/media\/719"}],"wp:attachment":[{"href":"https:\/\/memoriadaculturaesportebsb.com.br\/index.php\/wp-json\/wp\/v2\/media?parent=718"}],"wp:term":[{"taxonomy":"category","embeddable":true,"href":"https:\/\/memoriadaculturaesportebsb.com.br\/index.php\/wp-json\/wp\/v2\/categories?post=718"},{"taxonomy":"post_tag","embeddable":true,"href":"https:\/\/memoriadaculturaesportebsb.com.br\/index.php\/wp-json\/wp\/v2\/tags?post=718"}],"curies":[{"name":"wp","href":"https:\/\/api.w.org\/{rel}","templated":true}]}}