{"id":71,"date":"2023-01-25T11:50:49","date_gmt":"2023-01-25T14:50:49","guid":{"rendered":"https:\/\/memoriadaculturaesportebsb.com.br\/final\/?p=71"},"modified":"2023-02-01T11:24:28","modified_gmt":"2023-02-01T14:24:28","slug":"janete-dornelles","status":"publish","type":"post","link":"https:\/\/memoriadaculturaesportebsb.com.br\/index.php\/2023\/01\/25\/janete-dornelles\/","title":{"rendered":"Janete Dornellas"},"content":{"rendered":"<span class=\"dropcap \">J<\/span>anette Dornellas, cantora l\u00edrica \u2013 Soprano, integrante da Orquestra Sinf\u00f4nica do Teatro Nacional, fala sobre o cen\u00e1rio da m\u00fasica cl\u00e1ssica na cidade e sobre sua experi\u00eancia no resgate da hist\u00f3ria da \u00f3pera em Bras\u00edlia.<\/p>\n<iframe style=\"max-height:80px;\" src=\"https:\/\/open.spotify.com\/embed\/episode\/3rAsvYaEtwBwxMojuBYLra?si=7a4ae868f7584d13?utm_source=generator\" width=\"100%\" height=\"80\" frameBorder=\"0\" allowfullscreen=\"\" allow=\"autoplay; clipboard-write; encrypted-media; fullscreen; picture-in-picture\" loading=\"lazy\"><\/iframe>\n","protected":false},"excerpt":{"rendered":"<p>Janette Dornellas, cantora l\u00edrica \u2013 Soprano, integrante da Orquestra Sinf\u00f4nica do Teatro Nacional, fala sobre o cen\u00e1rio da m\u00fasica cl\u00e1ssica na cidade e sobre sua experi\u00eancia no resgate da hist\u00f3ria da \u00f3pera em Bras\u00edlia.<\/p>\n","protected":false},"author":1,"featured_media":738,"comment_status":"closed","ping_status":"closed","sticky":false,"template":"","format":"standard","meta":{"footnotes":""},"categories":[5],"tags":[],"class_list":["post-71","post","type-post","status-publish","format-standard","has-post-thumbnail","","category-podcasts"],"_links":{"self":[{"href":"https:\/\/memoriadaculturaesportebsb.com.br\/index.php\/wp-json\/wp\/v2\/posts\/71","targetHints":{"allow":["GET"]}}],"collection":[{"href":"https:\/\/memoriadaculturaesportebsb.com.br\/index.php\/wp-json\/wp\/v2\/posts"}],"about":[{"href":"https:\/\/memoriadaculturaesportebsb.com.br\/index.php\/wp-json\/wp\/v2\/types\/post"}],"author":[{"embeddable":true,"href":"https:\/\/memoriadaculturaesportebsb.com.br\/index.php\/wp-json\/wp\/v2\/users\/1"}],"replies":[{"embeddable":true,"href":"https:\/\/memoriadaculturaesportebsb.com.br\/index.php\/wp-json\/wp\/v2\/comments?post=71"}],"version-history":[{"count":4,"href":"https:\/\/memoriadaculturaesportebsb.com.br\/index.php\/wp-json\/wp\/v2\/posts\/71\/revisions"}],"predecessor-version":[{"id":982,"href":"https:\/\/memoriadaculturaesportebsb.com.br\/index.php\/wp-json\/wp\/v2\/posts\/71\/revisions\/982"}],"wp:featuredmedia":[{"embeddable":true,"href":"https:\/\/memoriadaculturaesportebsb.com.br\/index.php\/wp-json\/wp\/v2\/media\/738"}],"wp:attachment":[{"href":"https:\/\/memoriadaculturaesportebsb.com.br\/index.php\/wp-json\/wp\/v2\/media?parent=71"}],"wp:term":[{"taxonomy":"category","embeddable":true,"href":"https:\/\/memoriadaculturaesportebsb.com.br\/index.php\/wp-json\/wp\/v2\/categories?post=71"},{"taxonomy":"post_tag","embeddable":true,"href":"https:\/\/memoriadaculturaesportebsb.com.br\/index.php\/wp-json\/wp\/v2\/tags?post=71"}],"curies":[{"name":"wp","href":"https:\/\/api.w.org\/{rel}","templated":true}]}}