{"id":709,"date":"2022-05-03T22:10:49","date_gmt":"2022-05-04T01:10:49","guid":{"rendered":"https:\/\/memoriadaculturaesportebsb.com.br\/final\/?p=709"},"modified":"2023-02-06T10:20:54","modified_gmt":"2023-02-06T13:20:54","slug":"entrevista-robson-farias","status":"publish","type":"post","link":"https:\/\/memoriadaculturaesportebsb.com.br\/index.php\/2022\/05\/03\/entrevista-robson-farias\/","title":{"rendered":"Entrevista: Robson Farias"},"content":{"rendered":"<span class=\"dropcap \">R<\/span>obson Farias de Souza, carnavalesco, vice-presidente da Acad\u00eamicos da Asa Norte \u2013 fala sobre a hist\u00f3ria do carnaval de Bras\u00edlia e da sua agremia\u00e7\u00e3o Acad\u00eamicos da Asa Norte, atual tri-campe\u00e3 do Carnaval.<\/p>\n<h3>Ou\u00e7a o podcast da entrevista<\/h3>\n<iframe style=\"max-height:80px;\" src=\"https:\/\/open.spotify.com\/embed\/episode\/2uonJjkiOCcLPCzOkReYjo?si=d66534fa6e1840c0?utm_source=generator\" width=\"100%\" height=\"80\" frameBorder=\"0\" allowfullscreen=\"\" allow=\"autoplay; clipboard-write; encrypted-media; fullscreen; picture-in-picture\" loading=\"lazy\"><\/iframe>\n","protected":false},"excerpt":{"rendered":"<p>Robson Farias de Souza, carnavalesco, vice-presidente da Acad\u00eamicos da Asa Norte \u2013 fala sobre a hist\u00f3ria do carnaval de Bras\u00edlia e da sua agremia\u00e7\u00e3o Acad\u00eamicos da Asa Norte, atual tri-campe\u00e3 do Carnaval. Ou\u00e7a o podcast da entrevista<\/p>\n","protected":false},"author":1,"featured_media":710,"comment_status":"closed","ping_status":"closed","sticky":false,"template":"","format":"standard","meta":{"footnotes":""},"categories":[6],"tags":[],"class_list":["post-709","post","type-post","status-publish","format-standard","has-post-thumbnail","","category-entrevistas"],"_links":{"self":[{"href":"https:\/\/memoriadaculturaesportebsb.com.br\/index.php\/wp-json\/wp\/v2\/posts\/709","targetHints":{"allow":["GET"]}}],"collection":[{"href":"https:\/\/memoriadaculturaesportebsb.com.br\/index.php\/wp-json\/wp\/v2\/posts"}],"about":[{"href":"https:\/\/memoriadaculturaesportebsb.com.br\/index.php\/wp-json\/wp\/v2\/types\/post"}],"author":[{"embeddable":true,"href":"https:\/\/memoriadaculturaesportebsb.com.br\/index.php\/wp-json\/wp\/v2\/users\/1"}],"replies":[{"embeddable":true,"href":"https:\/\/memoriadaculturaesportebsb.com.br\/index.php\/wp-json\/wp\/v2\/comments?post=709"}],"version-history":[{"count":3,"href":"https:\/\/memoriadaculturaesportebsb.com.br\/index.php\/wp-json\/wp\/v2\/posts\/709\/revisions"}],"predecessor-version":[{"id":1085,"href":"https:\/\/memoriadaculturaesportebsb.com.br\/index.php\/wp-json\/wp\/v2\/posts\/709\/revisions\/1085"}],"wp:featuredmedia":[{"embeddable":true,"href":"https:\/\/memoriadaculturaesportebsb.com.br\/index.php\/wp-json\/wp\/v2\/media\/710"}],"wp:attachment":[{"href":"https:\/\/memoriadaculturaesportebsb.com.br\/index.php\/wp-json\/wp\/v2\/media?parent=709"}],"wp:term":[{"taxonomy":"category","embeddable":true,"href":"https:\/\/memoriadaculturaesportebsb.com.br\/index.php\/wp-json\/wp\/v2\/categories?post=709"},{"taxonomy":"post_tag","embeddable":true,"href":"https:\/\/memoriadaculturaesportebsb.com.br\/index.php\/wp-json\/wp\/v2\/tags?post=709"}],"curies":[{"name":"wp","href":"https:\/\/api.w.org\/{rel}","templated":true}]}}