{"id":697,"date":"2022-05-03T22:01:04","date_gmt":"2022-05-04T01:01:04","guid":{"rendered":"https:\/\/memoriadaculturaesportebsb.com.br\/final\/?p=697"},"modified":"2023-02-06T10:22:52","modified_gmt":"2023-02-06T13:22:52","slug":"entrevista-silvana-neitzke","status":"publish","type":"post","link":"https:\/\/memoriadaculturaesportebsb.com.br\/index.php\/2022\/05\/03\/entrevista-silvana-neitzke\/","title":{"rendered":"Entrevista: Silvana Neitzke"},"content":{"rendered":"<span class=\"dropcap \">N<\/span>ossa entrevistada \u00e9 Silvana Neitzke. Atleta Ol\u00edmpica de sorriso largo, dedicou 20 anos aos Saltos Ornamentais e hoje desfruta de boas hist\u00f3rias que o esporte lhe trouxe. A \u00fanica representante da modalidade nos Jogos ol\u00edmpicos de Barcelona 1992, se destacou tamb\u00e9m por ser a mais leve, a mais baixa e com certeza a mais animada da sele\u00e7\u00e3o. Assista a entrevista desta mineira de Araguari, que adotou Bras\u00edlia e fez hist\u00f3ria nos Saltos Ornamentais.<\/p>\n<h3>Ou\u00e7a o podcast da entrevista<\/h3>\n<iframe style=\"max-height:80px;\" src=\"https:\/\/open.spotify.com\/embed\/episode\/0v7dJ6fxQsv9UXBTPZdKok?si=3909e93bc8b64adb?utm_source=generator\" width=\"100%\" height=\"80\" frameBorder=\"0\" allowfullscreen=\"\" allow=\"autoplay; clipboard-write; encrypted-media; fullscreen; picture-in-picture\" loading=\"lazy\"><\/iframe>\n","protected":false},"excerpt":{"rendered":"<p>Nossa entrevistada \u00e9 Silvana Neitzke. Atleta Ol\u00edmpica de sorriso largo, dedicou 20 anos aos Saltos Ornamentais e hoje desfruta de boas hist\u00f3rias que o esporte lhe trouxe. A \u00fanica representante da modalidade nos Jogos ol\u00edmpicos de Barcelona 1992, se destacou tamb\u00e9m por ser a mais leve, a mais baixa e com certeza a mais animada &hellip;<\/p>\n","protected":false},"author":1,"featured_media":698,"comment_status":"closed","ping_status":"closed","sticky":false,"template":"","format":"standard","meta":{"footnotes":""},"categories":[6],"tags":[],"class_list":["post-697","post","type-post","status-publish","format-standard","has-post-thumbnail","","category-entrevistas"],"_links":{"self":[{"href":"https:\/\/memoriadaculturaesportebsb.com.br\/index.php\/wp-json\/wp\/v2\/posts\/697","targetHints":{"allow":["GET"]}}],"collection":[{"href":"https:\/\/memoriadaculturaesportebsb.com.br\/index.php\/wp-json\/wp\/v2\/posts"}],"about":[{"href":"https:\/\/memoriadaculturaesportebsb.com.br\/index.php\/wp-json\/wp\/v2\/types\/post"}],"author":[{"embeddable":true,"href":"https:\/\/memoriadaculturaesportebsb.com.br\/index.php\/wp-json\/wp\/v2\/users\/1"}],"replies":[{"embeddable":true,"href":"https:\/\/memoriadaculturaesportebsb.com.br\/index.php\/wp-json\/wp\/v2\/comments?post=697"}],"version-history":[{"count":3,"href":"https:\/\/memoriadaculturaesportebsb.com.br\/index.php\/wp-json\/wp\/v2\/posts\/697\/revisions"}],"predecessor-version":[{"id":1092,"href":"https:\/\/memoriadaculturaesportebsb.com.br\/index.php\/wp-json\/wp\/v2\/posts\/697\/revisions\/1092"}],"wp:featuredmedia":[{"embeddable":true,"href":"https:\/\/memoriadaculturaesportebsb.com.br\/index.php\/wp-json\/wp\/v2\/media\/698"}],"wp:attachment":[{"href":"https:\/\/memoriadaculturaesportebsb.com.br\/index.php\/wp-json\/wp\/v2\/media?parent=697"}],"wp:term":[{"taxonomy":"category","embeddable":true,"href":"https:\/\/memoriadaculturaesportebsb.com.br\/index.php\/wp-json\/wp\/v2\/categories?post=697"},{"taxonomy":"post_tag","embeddable":true,"href":"https:\/\/memoriadaculturaesportebsb.com.br\/index.php\/wp-json\/wp\/v2\/tags?post=697"}],"curies":[{"name":"wp","href":"https:\/\/api.w.org\/{rel}","templated":true}]}}