{"id":694,"date":"2022-05-03T21:57:46","date_gmt":"2022-05-04T00:57:46","guid":{"rendered":"https:\/\/memoriadaculturaesportebsb.com.br\/final\/?p=694"},"modified":"2023-02-06T10:23:22","modified_gmt":"2023-02-06T13:23:22","slug":"entrevista-silvestre-gorgulho","status":"publish","type":"post","link":"https:\/\/memoriadaculturaesportebsb.com.br\/index.php\/2022\/05\/03\/entrevista-silvestre-gorgulho\/","title":{"rendered":"Entrevista: Silvestre Gorgulho"},"content":{"rendered":"<span class=\"dropcap \">S<\/span>ilvestre Gorgulho, jornalista, ex-Secret\u00e1rio de Cultura \u2013 Participou ativamente do processo de tombamento de Bras\u00edlia como Patrim\u00f4nio Cultural da Humanidade pela Unesco, resgatou a presen\u00e7a de Oscar Niemeyer na cidade, fala sobre sua experi\u00eancia na gest\u00e3o da Cultura em Bras\u00edlia.<\/p>\n<h3>Ou\u00e7a o podcast da entrevista<\/h3>\n<iframe style=\"max-height:80px;\" src=\"https:\/\/open.spotify.com\/embed\/episode\/0ssdfotJsiW70k3uQ7VfS2?si=54ef3e221a6a4af9?utm_source=generator\" width=\"100%\" height=\"80\" frameBorder=\"0\" allowfullscreen=\"\" allow=\"autoplay; clipboard-write; encrypted-media; fullscreen; picture-in-picture\" loading=\"lazy\"><\/iframe>\n","protected":false},"excerpt":{"rendered":"<p>Silvestre Gorgulho, jornalista, ex-Secret\u00e1rio de Cultura \u2013 Participou ativamente do processo de tombamento de Bras\u00edlia como Patrim\u00f4nio Cultural da Humanidade pela Unesco, resgatou a presen\u00e7a de Oscar Niemeyer na cidade, fala sobre sua experi\u00eancia na gest\u00e3o da Cultura em Bras\u00edlia. Ou\u00e7a o podcast da entrevista<\/p>\n","protected":false},"author":1,"featured_media":695,"comment_status":"closed","ping_status":"closed","sticky":false,"template":"","format":"standard","meta":{"footnotes":""},"categories":[6],"tags":[],"class_list":["post-694","post","type-post","status-publish","format-standard","has-post-thumbnail","","category-entrevistas"],"_links":{"self":[{"href":"https:\/\/memoriadaculturaesportebsb.com.br\/index.php\/wp-json\/wp\/v2\/posts\/694","targetHints":{"allow":["GET"]}}],"collection":[{"href":"https:\/\/memoriadaculturaesportebsb.com.br\/index.php\/wp-json\/wp\/v2\/posts"}],"about":[{"href":"https:\/\/memoriadaculturaesportebsb.com.br\/index.php\/wp-json\/wp\/v2\/types\/post"}],"author":[{"embeddable":true,"href":"https:\/\/memoriadaculturaesportebsb.com.br\/index.php\/wp-json\/wp\/v2\/users\/1"}],"replies":[{"embeddable":true,"href":"https:\/\/memoriadaculturaesportebsb.com.br\/index.php\/wp-json\/wp\/v2\/comments?post=694"}],"version-history":[{"count":3,"href":"https:\/\/memoriadaculturaesportebsb.com.br\/index.php\/wp-json\/wp\/v2\/posts\/694\/revisions"}],"predecessor-version":[{"id":1094,"href":"https:\/\/memoriadaculturaesportebsb.com.br\/index.php\/wp-json\/wp\/v2\/posts\/694\/revisions\/1094"}],"wp:featuredmedia":[{"embeddable":true,"href":"https:\/\/memoriadaculturaesportebsb.com.br\/index.php\/wp-json\/wp\/v2\/media\/695"}],"wp:attachment":[{"href":"https:\/\/memoriadaculturaesportebsb.com.br\/index.php\/wp-json\/wp\/v2\/media?parent=694"}],"wp:term":[{"taxonomy":"category","embeddable":true,"href":"https:\/\/memoriadaculturaesportebsb.com.br\/index.php\/wp-json\/wp\/v2\/categories?post=694"},{"taxonomy":"post_tag","embeddable":true,"href":"https:\/\/memoriadaculturaesportebsb.com.br\/index.php\/wp-json\/wp\/v2\/tags?post=694"}],"curies":[{"name":"wp","href":"https:\/\/api.w.org\/{rel}","templated":true}]}}