{"id":691,"date":"2022-05-03T21:54:35","date_gmt":"2022-05-04T00:54:35","guid":{"rendered":"https:\/\/memoriadaculturaesportebsb.com.br\/final\/?p=691"},"modified":"2023-04-27T16:42:32","modified_gmt":"2023-04-27T19:42:32","slug":"entrevista-nicolas-behr","status":"publish","type":"post","link":"https:\/\/memoriadaculturaesportebsb.com.br\/index.php\/2022\/05\/03\/entrevista-nicolas-behr\/","title":{"rendered":"Entrevista: Nicolas Behr"},"content":{"rendered":"<span class=\"dropcap \">N<\/span>esse bloco, o jornalista Moacyr de Oliveira Filho entrevista personagens da cena cultural de Bras\u00edlia, de diferentes linguagens \u2013 cinema, teatro, m\u00fasica, canto l\u00edrico, fotografia, poesia, jornalismo, artes pl\u00e1sticas, livreiro, cultura popular e carnaval. Esses depoimentos formam um rico e denso painel da cultura no Distrito Federal.<\/p>\n<p>Nicolas Behr, poeta \u2013 Um dos mais expressivos representantes da chamada Gera\u00e7\u00e3o Mime\u00f3grafo fala da poesia marginal em Bras\u00edlia e do seu trabalho em defesa da ecologia e do cerrado.<\/p>\n<h3>Ou\u00e7a o podcast da entrevista<\/h3>\n<iframe style=\"max-height:80px;\" src=\"https:\/\/open.spotify.com\/embed\/episode\/6XMDzjaYf1QNkhE2mGKqX7?si=91387852597b4daa?utm_source=generator\" width=\"100%\" height=\"80\" frameBorder=\"0\" allowfullscreen=\"\" allow=\"autoplay; clipboard-write; encrypted-media; fullscreen; picture-in-picture\" loading=\"lazy\"><\/iframe>\n","protected":false},"excerpt":{"rendered":"<p>Nesse bloco, o jornalista Moacyr de Oliveira Filho entrevista personagens da cena cultural de Bras\u00edlia, de diferentes linguagens \u2013 cinema, teatro, m\u00fasica, canto l\u00edrico, fotografia, poesia, jornalismo, artes pl\u00e1sticas, livreiro, cultura popular e carnaval. Esses depoimentos formam um rico e denso painel da cultura no Distrito Federal. Nicolas Behr, poeta \u2013 Um dos mais expressivos &hellip;<\/p>\n","protected":false},"author":1,"featured_media":692,"comment_status":"closed","ping_status":"closed","sticky":false,"template":"","format":"standard","meta":{"footnotes":""},"categories":[6,4],"tags":[],"class_list":["post-691","post","type-post","status-publish","format-standard","has-post-thumbnail","","category-entrevistas","category-esporte"],"_links":{"self":[{"href":"https:\/\/memoriadaculturaesportebsb.com.br\/index.php\/wp-json\/wp\/v2\/posts\/691","targetHints":{"allow":["GET"]}}],"collection":[{"href":"https:\/\/memoriadaculturaesportebsb.com.br\/index.php\/wp-json\/wp\/v2\/posts"}],"about":[{"href":"https:\/\/memoriadaculturaesportebsb.com.br\/index.php\/wp-json\/wp\/v2\/types\/post"}],"author":[{"embeddable":true,"href":"https:\/\/memoriadaculturaesportebsb.com.br\/index.php\/wp-json\/wp\/v2\/users\/1"}],"replies":[{"embeddable":true,"href":"https:\/\/memoriadaculturaesportebsb.com.br\/index.php\/wp-json\/wp\/v2\/comments?post=691"}],"version-history":[{"count":3,"href":"https:\/\/memoriadaculturaesportebsb.com.br\/index.php\/wp-json\/wp\/v2\/posts\/691\/revisions"}],"predecessor-version":[{"id":1096,"href":"https:\/\/memoriadaculturaesportebsb.com.br\/index.php\/wp-json\/wp\/v2\/posts\/691\/revisions\/1096"}],"wp:featuredmedia":[{"embeddable":true,"href":"https:\/\/memoriadaculturaesportebsb.com.br\/index.php\/wp-json\/wp\/v2\/media\/692"}],"wp:attachment":[{"href":"https:\/\/memoriadaculturaesportebsb.com.br\/index.php\/wp-json\/wp\/v2\/media?parent=691"}],"wp:term":[{"taxonomy":"category","embeddable":true,"href":"https:\/\/memoriadaculturaesportebsb.com.br\/index.php\/wp-json\/wp\/v2\/categories?post=691"},{"taxonomy":"post_tag","embeddable":true,"href":"https:\/\/memoriadaculturaesportebsb.com.br\/index.php\/wp-json\/wp\/v2\/tags?post=691"}],"curies":[{"name":"wp","href":"https:\/\/api.w.org\/{rel}","templated":true}]}}