{"id":688,"date":"2022-05-03T21:49:21","date_gmt":"2022-05-04T00:49:21","guid":{"rendered":"https:\/\/memoriadaculturaesportebsb.com.br\/final\/?p=688"},"modified":"2023-02-06T10:24:22","modified_gmt":"2023-02-06T13:24:22","slug":"entrevista-roberto-landwehr","status":"publish","type":"post","link":"https:\/\/memoriadaculturaesportebsb.com.br\/index.php\/2022\/05\/03\/entrevista-roberto-landwehr\/","title":{"rendered":"Entrevista: Roberto Landwehr"},"content":{"rendered":"<span class=\"dropcap \">N<\/span>osso entrevistado \u00e9 Roberto Landwher ex atleta, professor doutor, treinador, pesquisador e o promotor das primeiras competi\u00e7\u00f5es de triatlo em Bras\u00edlia. Assista a entrevista e conhe\u00e7a mais sobre os primeiros passos do triatlo Capital da Rep\u00fablica e no Brasil.<\/p>\n<h3>Ou\u00e7a o podcast da entrevista<\/h3>\n<iframe style=\"max-height:80px;\" src=\"https:\/\/open.spotify.com\/embed\/episode\/1Y6r9qLlAeBaAs0WucjLWI?si=0efde19be1274d60?utm_source=generator\" width=\"100%\" height=\"80\" frameBorder=\"0\" allowfullscreen=\"\" allow=\"autoplay; clipboard-write; encrypted-media; fullscreen; picture-in-picture\" loading=\"lazy\"><\/iframe>\n","protected":false},"excerpt":{"rendered":"<p>Nosso entrevistado \u00e9 Roberto Landwher ex atleta, professor doutor, treinador, pesquisador e o promotor das primeiras competi\u00e7\u00f5es de triatlo em Bras\u00edlia. Assista a entrevista e conhe\u00e7a mais sobre os primeiros passos do triatlo Capital da Rep\u00fablica e no Brasil. Ou\u00e7a o podcast da entrevista<\/p>\n","protected":false},"author":1,"featured_media":689,"comment_status":"closed","ping_status":"closed","sticky":false,"template":"","format":"standard","meta":{"footnotes":""},"categories":[6],"tags":[],"class_list":["post-688","post","type-post","status-publish","format-standard","has-post-thumbnail","","category-entrevistas"],"_links":{"self":[{"href":"https:\/\/memoriadaculturaesportebsb.com.br\/index.php\/wp-json\/wp\/v2\/posts\/688","targetHints":{"allow":["GET"]}}],"collection":[{"href":"https:\/\/memoriadaculturaesportebsb.com.br\/index.php\/wp-json\/wp\/v2\/posts"}],"about":[{"href":"https:\/\/memoriadaculturaesportebsb.com.br\/index.php\/wp-json\/wp\/v2\/types\/post"}],"author":[{"embeddable":true,"href":"https:\/\/memoriadaculturaesportebsb.com.br\/index.php\/wp-json\/wp\/v2\/users\/1"}],"replies":[{"embeddable":true,"href":"https:\/\/memoriadaculturaesportebsb.com.br\/index.php\/wp-json\/wp\/v2\/comments?post=688"}],"version-history":[{"count":3,"href":"https:\/\/memoriadaculturaesportebsb.com.br\/index.php\/wp-json\/wp\/v2\/posts\/688\/revisions"}],"predecessor-version":[{"id":1098,"href":"https:\/\/memoriadaculturaesportebsb.com.br\/index.php\/wp-json\/wp\/v2\/posts\/688\/revisions\/1098"}],"wp:featuredmedia":[{"embeddable":true,"href":"https:\/\/memoriadaculturaesportebsb.com.br\/index.php\/wp-json\/wp\/v2\/media\/689"}],"wp:attachment":[{"href":"https:\/\/memoriadaculturaesportebsb.com.br\/index.php\/wp-json\/wp\/v2\/media?parent=688"}],"wp:term":[{"taxonomy":"category","embeddable":true,"href":"https:\/\/memoriadaculturaesportebsb.com.br\/index.php\/wp-json\/wp\/v2\/categories?post=688"},{"taxonomy":"post_tag","embeddable":true,"href":"https:\/\/memoriadaculturaesportebsb.com.br\/index.php\/wp-json\/wp\/v2\/tags?post=688"}],"curies":[{"name":"wp","href":"https:\/\/api.w.org\/{rel}","templated":true}]}}